{"id":26672,"date":"2023-08-01T10:47:45","date_gmt":"2023-08-01T14:47:45","guid":{"rendered":"https:\/\/jjcardinal.ca\/m-sylvain-cloutier\/"},"modified":"2023-08-02T11:20:26","modified_gmt":"2023-08-02T15:20:26","slug":"m-sylvain-cloutier","status":"publish","type":"post","link":"https:\/\/jjcardinal.ca\/en\/m-sylvain-cloutier\/","title":{"rendered":"Mr. Sylvain Cloutier"},"content":{"rendered":"<p>Le 28 juillet 2023, \u00e0 l\u2019\u00e2ge de 53 ans est d\u00e9c\u00e9d\u00e9 M. Sylvain Cloutier.<\/p>\n<p>Il laisse dans le deuil son \u00e9pouse Caroline Wilson, son fils Trystan, ses parents Robert (Louiselle) et Huguette, son beau-p\u00e8re Michel (Micheline), son fr\u00e8re Rock (Marie-Claude), son neveu Philippe, son beau-fr\u00e8re Mahdi (Raja) ainsi que cousins, cousines, et plusieurs ami (e)s.<\/p>\n<p>La famille recevra les condol\u00e9ances le samedi 9 septembre de 13h a 16h suivi de la c\u00e9r\u00e9monie en chapelle a la R\u00e9sidence fun\u00e9raires J.J. Cardinal, 560, chemin Bord du Lac, Dorval H9S2B3, 514-631-1511.<\/p>\n<p>La famille tient \u00e0 remercier le personnel du CHSLD Nazaire-Pich\u00e9 pour les excellents soins prodigu\u00e9s. Remerciement \u00e9galement au CSHLD Camille-Lefebvre et a l\u2019\u00e9quipe des soins palliatifs et enfin un remerciement sp\u00e9cial a Dr. Karl Cenovitch.<\/p>\n<p>Des dons \u00e0 la <a href=\"https:\/\/cancer.ca\/fr\/ways-to-give\/personal-donation\">Soci\u00e9t\u00e9 Canadienne du cancer<\/a> seraient grandement appr\u00e9ci\u00e9s.<\/p>\n","protected":false},"excerpt":{"rendered":"<p>Le 28 juillet 2023, \u00e0 l\u2019\u00e2ge de 53 ans est d\u00e9c\u00e9d\u00e9 M. Sylvain Cloutier. Il laisse dans le deuil son \u00e9pouse Caroline Wilson, son fils Trystan, ses parents Robert (Louiselle) et Huguette, son beau-p\u00e8re Michel (Micheline), son fr\u00e8re Rock (Marie-Claude), son neveu Philippe, son beau-fr\u00e8re Mahdi (Raja) ainsi que cousins, cousines, et plusieurs ami (e)s. [&hellip;]<\/p>\n","protected":false},"author":7,"featured_media":26669,"comment_status":"open","ping_status":"open","sticky":false,"template":"","format":"standard","meta":{"_seopress_robots_primary_cat":"","_seopress_titles_title":"","_seopress_titles_desc":"","_seopress_robots_index":"","footnotes":""},"categories":[68],"tags":[],"class_list":["post-26672","post","type-post","status-publish","format-standard","has-post-thumbnail","hentry","category-obituaries"],"_links":{"self":[{"href":"https:\/\/jjcardinal.ca\/en\/wp-json\/wp\/v2\/posts\/26672","targetHints":{"allow":["GET"]}}],"collection":[{"href":"https:\/\/jjcardinal.ca\/en\/wp-json\/wp\/v2\/posts"}],"about":[{"href":"https:\/\/jjcardinal.ca\/en\/wp-json\/wp\/v2\/types\/post"}],"author":[{"embeddable":true,"href":"https:\/\/jjcardinal.ca\/en\/wp-json\/wp\/v2\/users\/7"}],"replies":[{"embeddable":true,"href":"https:\/\/jjcardinal.ca\/en\/wp-json\/wp\/v2\/comments?post=26672"}],"version-history":[{"count":2,"href":"https:\/\/jjcardinal.ca\/en\/wp-json\/wp\/v2\/posts\/26672\/revisions"}],"predecessor-version":[{"id":26675,"href":"https:\/\/jjcardinal.ca\/en\/wp-json\/wp\/v2\/posts\/26672\/revisions\/26675"}],"wp:featuredmedia":[{"embeddable":true,"href":"https:\/\/jjcardinal.ca\/en\/wp-json\/wp\/v2\/media\/26669"}],"wp:attachment":[{"href":"https:\/\/jjcardinal.ca\/en\/wp-json\/wp\/v2\/media?parent=26672"}],"wp:term":[{"taxonomy":"category","embeddable":true,"href":"https:\/\/jjcardinal.ca\/en\/wp-json\/wp\/v2\/categories?post=26672"},{"taxonomy":"post_tag","embeddable":true,"href":"https:\/\/jjcardinal.ca\/en\/wp-json\/wp\/v2\/tags?post=26672"}],"curies":[{"name":"wp","href":"https:\/\/api.w.org\/{rel}","templated":true}]}}