{"id":26750,"date":"2023-08-17T13:17:50","date_gmt":"2023-08-17T17:17:50","guid":{"rendered":"https:\/\/jjcardinal.ca\/mme-huguette-laberge-benard\/"},"modified":"2023-08-19T10:11:44","modified_gmt":"2023-08-19T14:11:44","slug":"mme-huguette-laberge-benard","status":"publish","type":"post","link":"https:\/\/jjcardinal.ca\/en\/mme-huguette-laberge-benard\/","title":{"rendered":"Mrs. Huguette Laberge  B\u00e9nard"},"content":{"rendered":"<p>C&#8217;est avec tristesse que nous vous annon\u00e7ons le d\u00e9c\u00e8s de Mme Huguette Laberge<br \/>\nB\u00e9nard \u00e0 l&#8217;\u00e2ge de 93 ans le 13 ao\u00fbt dernier.<\/p>\n<p>Huguette laisse dans le deuil son conjoint Eug\u00e8ne, ses enfants Nicole (Herv\u00e9), Gilles (Marie-Lise) et Jean (Nicole), son fr\u00e8re Robert et sa conjointe Claire , sa s\u0153ur Fleurette et son beau-fr\u00e8re Bernard et sa conjointe Suzanne. Huguette \u00e9tait \u00e9galement grand-m\u00e8re amoureuse de ses 4 petits-enfants, 10<br \/>\narri\u00e8res petits-enfants et 4 arri\u00e8re arri\u00e8re petits-enfants, neveux, ni\u00e8ces.<\/p>\n<p>Ainsi que plusieurs autres parents et amis.<\/p>\n<p>Ses talents de musicienne et de chanteuse, son grand c\u0153ur, son d\u00e9vouement et sa bonne humeur meubleront nos souvenirs \u00e0 jamais.<\/p>\n<p>La famille recevra les condol\u00e9ances le jeudi 24 aout de 10h a 12h suivi de la c\u00e9r\u00e9monie<br \/>\nen chapelle.<\/p>\n<p>Repose en paix ch\u00e8re Huguette&#8221;<\/p>\n<p>&nbsp;<\/p>\n<p>&nbsp;<\/p>\n<p>&nbsp;<\/p>\n<p>&nbsp;<\/p>\n<p><strong>R\u00c9SIDENCE FUN\u00c9RAIRE J.J. CARDINAL FUNERAL HOME<\/strong><\/p>\n<p>560, Chemin Bord du Lac, Dorval (Qu\u00e9bec)\u00a0\u00a0H9S 2B3<\/p>\n<p>T\u00e9l. :\u00a0514-631-1511\u00a0|\u00a0T\u00e9l\u00e9c. :\u00a0514-631-1516\u00a0|\u00a0Courriel :\u00a0<a title=\"info@jjcardinal.ca\" href=\"mailto:info@jjcardinal.ca\">info@jjcardinal.ca<\/a><\/p>\n<p><a title=\"Indications routi\u00e8res\" href=\"https:\/\/www.google.ca\/maps\/place\/560+Chem.+du+Bord-du-Lac-Lakeshore,+Dorval,+QC+H9S+2B3\/@45.4400639,-73.7382312,17z\/data=!3m1!4b1!4m6!3m5!1s0x4cc916170fe7f9fd:0x43c8ed69503d0b1c!8m2!3d45.4400602!4d-73.7333657!16s%2Fg%2F11bzy_z_bm?hl=fr\" target=\"_blank\" rel=\"noopener\">Indications routi\u00e8res<\/a>\u00a0|\u00a0<a title=\"Driving Directions\" href=\"https:\/\/www.google.ca\/maps\/place\/560+Chem.+du+Bord-du-Lac-Lakeshore,+Dorval,+QC+H9S+2B3\/@45.4400639,-73.735946,17z\/data=!3m1!4b1!4m6!3m5!1s0x4cc916170fe7f9fd:0x43c8ed69503d0b1c!8m2!3d45.4400602!4d-73.7333657!16s%2Fg%2F11bzy_z_bm?hl=en\" target=\"_blank\" rel=\"noopener\">Driving Directions<\/a><\/p>\n<p><a title=\"Pr\u00e9visions m\u00e9t\u00e9orologiques\" href=\"http:\/\/www.meteomedia.com\/weather\/caqc0281\" target=\"_blank\" rel=\"noopener\">Pr\u00e9visions m\u00e9t\u00e9orologiques<\/a>\u00a0|\u00a0<a title=\"The Weather Network\" href=\"https:\/\/www.theweathernetwork.com\/ca\" target=\"_blank\" rel=\"noopener\">The Weather Network<\/a><\/p>\n","protected":false},"excerpt":{"rendered":"<p>C&#8217;est avec tristesse que nous vous annon\u00e7ons le d\u00e9c\u00e8s de Mme Huguette Laberge B\u00e9nard \u00e0 l&#8217;\u00e2ge de 93 ans le 13 ao\u00fbt dernier. Huguette laisse dans le deuil son conjoint Eug\u00e8ne, ses enfants Nicole (Herv\u00e9), Gilles (Marie-Lise) et Jean (Nicole), son fr\u00e8re Robert et sa conjointe Claire , sa s\u0153ur Fleurette et son beau-fr\u00e8re Bernard [&hellip;]<\/p>\n","protected":false},"author":7,"featured_media":26754,"comment_status":"open","ping_status":"open","sticky":false,"template":"","format":"standard","meta":{"_seopress_robots_primary_cat":"","_seopress_titles_title":"","_seopress_titles_desc":"","_seopress_robots_index":"","footnotes":""},"categories":[68],"tags":[],"class_list":["post-26750","post","type-post","status-publish","format-standard","has-post-thumbnail","hentry","category-obituaries"],"_links":{"self":[{"href":"https:\/\/jjcardinal.ca\/en\/wp-json\/wp\/v2\/posts\/26750","targetHints":{"allow":["GET"]}}],"collection":[{"href":"https:\/\/jjcardinal.ca\/en\/wp-json\/wp\/v2\/posts"}],"about":[{"href":"https:\/\/jjcardinal.ca\/en\/wp-json\/wp\/v2\/types\/post"}],"author":[{"embeddable":true,"href":"https:\/\/jjcardinal.ca\/en\/wp-json\/wp\/v2\/users\/7"}],"replies":[{"embeddable":true,"href":"https:\/\/jjcardinal.ca\/en\/wp-json\/wp\/v2\/comments?post=26750"}],"version-history":[{"count":3,"href":"https:\/\/jjcardinal.ca\/en\/wp-json\/wp\/v2\/posts\/26750\/revisions"}],"predecessor-version":[{"id":26766,"href":"https:\/\/jjcardinal.ca\/en\/wp-json\/wp\/v2\/posts\/26750\/revisions\/26766"}],"wp:featuredmedia":[{"embeddable":true,"href":"https:\/\/jjcardinal.ca\/en\/wp-json\/wp\/v2\/media\/26754"}],"wp:attachment":[{"href":"https:\/\/jjcardinal.ca\/en\/wp-json\/wp\/v2\/media?parent=26750"}],"wp:term":[{"taxonomy":"category","embeddable":true,"href":"https:\/\/jjcardinal.ca\/en\/wp-json\/wp\/v2\/categories?post=26750"},{"taxonomy":"post_tag","embeddable":true,"href":"https:\/\/jjcardinal.ca\/en\/wp-json\/wp\/v2\/tags?post=26750"}],"curies":[{"name":"wp","href":"https:\/\/api.w.org\/{rel}","templated":true}]}}