{"id":26960,"date":"2023-09-17T11:12:10","date_gmt":"2023-09-17T15:12:10","guid":{"rendered":"https:\/\/jjcardinal.ca\/m-real-fournier\/"},"modified":"2023-09-17T11:15:18","modified_gmt":"2023-09-17T15:15:18","slug":"m-real-fournier","status":"publish","type":"post","link":"https:\/\/jjcardinal.ca\/en\/m-real-fournier\/","title":{"rendered":"Mr. R\u00e9al Fournier"},"content":{"rendered":"<p>1929 &#8211; 2023<\/p>\n<p>\u00c0 Lachine, le 30 ao\u00fbt 2023, \u00e0 l\u2019\u00e2ge de 93 ans est d\u00e9c\u00e9d\u00e9 R\u00e9al Fournier, dernier d\u2019une fratrie de 15 enfants, \u00e9poux de Jocelyne Fournier (Trudeau).<\/p>\n<p>Outre son \u00e9pouse, il laisse dans le deuil ses enfants, Sylvie (Claude), Monic, Alain (Alison), ses petits enfants Simon (Sinthya), Mathieu (Maria), Karl (Mel), David (Miranda) et arri\u00e8re petits enfants, \u00c9lio, Dario, Julia, sa belle soeur Louise Lamarche (Trudeau), beau fr\u00e8re Denis Trudeau et plusieurs neveux, ni\u00e8ces et amis.<\/p>\n<p>La famille vous accueillera au Salon fun\u00e9raire J.J. Cardinal, 2125 Rue Notre Dame, Lachine, H8S 2G5, 514 639 1511, le 5 octobre de 19 h \u00e0 21 h30 et le 6 octobre de 9 h30 \u00e0 11 h. Suivront les fun\u00e9railles \u00e0 11h30 hre l\u2019\u00e9glise des Saints Anges de Lachine 1400 boul. St-Joseph, Lachine, H8S 2M8.<\/p>\n<p>La famille tient \u00e0 remercier sinc\u00e8rement tous les membres du personnel soignant et de soutien du CHSLD Bussey pour leur d\u00e9vouement et les excellents soins prodigu\u00e9s.<\/p>\n<p>Au lieu de fleurs, des dons \u00e0 \u00ab Association des b\u00e9n\u00e9voles du CHSLD Bussey \u00bb, 2069 boul. St-Joseph, Lachine, H8S 4B7 seraient appr\u00e9ci\u00e9s.<\/p>\n<p>&nbsp;<\/p>\n<p><strong>R\u00c9SIDENCE FUN\u00c9RAIRE J.J. CARDINAL FUNERAL HOME<\/strong><\/p>\n<p>2125, rue Notre-Dame, Lachine (Qu\u00e9bec)\u00a0\u00a0H8S 2G5<\/p>\n<p>T\u00e9l. :\u00a0514-639-1511\u00a0|\u00a0T\u00e9l\u00e9c. :\u00a0514-639-1516\u00a0|\u00a0Courriel :\u00a0<a title=\"info@jjcardinal.ca\" href=\"mailto:info@jjcardinal.ca\">info@jjcardinal.ca<\/a><\/p>\n<p><a title=\"Indications routi\u00e8res\" href=\"https:\/\/goo.gl\/maps\/6TF2f\" target=\"_blank\" rel=\"noopener\">Indications routi\u00e8res<\/a>\u00a0|\u00a0<a title=\"Driving Directions\" href=\"https:\/\/www.google.ca\/maps\/place\/2125+Rue+Notre+Dame,+Lachine,+QC+H8S+2G5\/@45.4345984,-73.6860437,17z\/data=!3m1!4b1!4m5!3m4!1s0x4cc91692e9fec1e5:0x1fc08493479c9f78!8m2!3d45.4345984!4d-73.683855?hl=en\" target=\"_blank\" rel=\"noopener\">Driving Directions<\/a><\/p>\n<p><a title=\"Pr\u00e9visions m\u00e9t\u00e9orologiques\" href=\"http:\/\/www.meteomedia.com\/weather\/caqc0281\" target=\"_blank\" rel=\"noopener\">Pr\u00e9visions m\u00e9t\u00e9orologiques<\/a>\u00a0|\u00a0<a title=\"The Weather Network\" href=\"https:\/\/www.theweathernetwork.com\/ca\" target=\"_blank\" rel=\"noopener\">The Weather Network<\/a><\/p>\n","protected":false},"excerpt":{"rendered":"<p>1929 &#8211; 2023 \u00c0 Lachine, le 30 ao\u00fbt 2023, \u00e0 l\u2019\u00e2ge de 93 ans est d\u00e9c\u00e9d\u00e9 R\u00e9al Fournier, dernier d\u2019une fratrie de 15 enfants, \u00e9poux de Jocelyne Fournier (Trudeau). Outre son \u00e9pouse, il laisse dans le deuil ses enfants, Sylvie (Claude), Monic, Alain (Alison), ses petits enfants Simon (Sinthya), Mathieu (Maria), Karl (Mel), David (Miranda) [&hellip;]<\/p>\n","protected":false},"author":58,"featured_media":26957,"comment_status":"open","ping_status":"open","sticky":false,"template":"","format":"standard","meta":{"_seopress_robots_primary_cat":"","_seopress_titles_title":"","_seopress_titles_desc":"","_seopress_robots_index":"","footnotes":""},"categories":[68],"tags":[],"class_list":["post-26960","post","type-post","status-publish","format-standard","has-post-thumbnail","hentry","category-obituaries"],"_links":{"self":[{"href":"https:\/\/jjcardinal.ca\/en\/wp-json\/wp\/v2\/posts\/26960","targetHints":{"allow":["GET"]}}],"collection":[{"href":"https:\/\/jjcardinal.ca\/en\/wp-json\/wp\/v2\/posts"}],"about":[{"href":"https:\/\/jjcardinal.ca\/en\/wp-json\/wp\/v2\/types\/post"}],"author":[{"embeddable":true,"href":"https:\/\/jjcardinal.ca\/en\/wp-json\/wp\/v2\/users\/58"}],"replies":[{"embeddable":true,"href":"https:\/\/jjcardinal.ca\/en\/wp-json\/wp\/v2\/comments?post=26960"}],"version-history":[{"count":2,"href":"https:\/\/jjcardinal.ca\/en\/wp-json\/wp\/v2\/posts\/26960\/revisions"}],"predecessor-version":[{"id":26962,"href":"https:\/\/jjcardinal.ca\/en\/wp-json\/wp\/v2\/posts\/26960\/revisions\/26962"}],"wp:featuredmedia":[{"embeddable":true,"href":"https:\/\/jjcardinal.ca\/en\/wp-json\/wp\/v2\/media\/26957"}],"wp:attachment":[{"href":"https:\/\/jjcardinal.ca\/en\/wp-json\/wp\/v2\/media?parent=26960"}],"wp:term":[{"taxonomy":"category","embeddable":true,"href":"https:\/\/jjcardinal.ca\/en\/wp-json\/wp\/v2\/categories?post=26960"},{"taxonomy":"post_tag","embeddable":true,"href":"https:\/\/jjcardinal.ca\/en\/wp-json\/wp\/v2\/tags?post=26960"}],"curies":[{"name":"wp","href":"https:\/\/api.w.org\/{rel}","templated":true}]}}