{"id":28526,"date":"2024-01-12T14:31:15","date_gmt":"2024-01-12T19:31:15","guid":{"rendered":"https:\/\/jjcardinal.ca\/mme-anita-st-pierre-nee-boucher\/"},"modified":"2024-01-12T14:33:00","modified_gmt":"2024-01-12T19:33:00","slug":"mme-anita-st-pierre-nee-boucher","status":"publish","type":"post","link":"https:\/\/jjcardinal.ca\/en\/mme-anita-st-pierre-nee-boucher\/","title":{"rendered":"Mrs Anita St-Pierre  nee Boucher"},"content":{"rendered":"<p><em>C\u2019est avec regret que nous vous annon\u00e7ons le d\u00e9c\u00e8s de madame Anita St-Pierre, \u00e9pouse de Louis-Philippe St-Pierre, survenu \u00e0 Verdun le 2 janvier 2024 \u00e0 l\u2019\u00e2ge de 98 ans.\u00a0<\/em><\/p>\n<p>&nbsp;<\/p>\n<p><em>Elle laisse dans le deuil ses filles Jos\u00e9e (feu Daniel Gagnon) et Colette, son fils Louis-Roch, ainsi que plusieurs parents et amis.\u00a0<\/em><\/p>\n<p>&nbsp;<\/p>\n<p><em>Anita a grandi \u00e0 Iberville, sur le rang St-\u00c9douard, dans une famille d\u2019agriculteurs o\u00f9 elle a appris \u00e0 aimer la terre et ses fruits. <\/em><em>Elle \u00e9pousa Louis-Philippe, et ils s\u2019\u00e9tablirent \u00e0 Pointe-Claire ou ils fond\u00e8rent leur famille. Nous nous souviendrons de sa r\u00e9silience, de sa joie de vivre, de son amour inconditionnel et des ses nombreux talents. Les travaux d\u2019artisanat et de broderie qu\u2019elle nous a laiss\u00e9s en t\u00e9moignent \u00e9loquemment. Elle aimait aussi le chant, les fleurs, et se r\u00e9jouissait d\u2019accueillir ses proches autour d&#8217;une bonne table.\u00a0<\/em><\/p>\n<p>&nbsp;<\/p>\n<p><em>La famille vous accueillera le dimanche 21 janvier 2024, entre\u00a0<\/em><strong><em>10h00 et 13h00<\/em><\/strong><strong><em>\u00a0<\/em><\/strong><em>\u00e0 la R\u00e9sidence Fun\u00e9raire J.J. Cardinal, situ\u00e9e au 2125 rue Notre-Dame \u00e0 Lachine. Une br\u00e8ve c\u00e9l\u00e9bration aura lieu sur place, suivie d\u2019un go\u00fbter auquel vous \u00eates tous convi\u00e9s.\u00a0<\/em><\/p>\n<p>&nbsp;<\/p>\n<p><em>Vos marques de sympathie peuvent s\u2019exprimer par un don \u00e0 la <a href=\"https:\/\/secure.llscanada.org\/site\/SPageNavigator\/donate.html?fa=STD&amp;s_locale=fr_CA&amp;s_subsrc=Main\">Soci\u00e9t\u00e9 de leuc\u00e9mie et lymphome du Canada<\/a> ou \u00e0 tout autre organisme de bienfaisance de votre choix.<\/em><\/p>\n<p>&nbsp;<\/p>\n<p>&nbsp;<\/p>\n<p>&nbsp;<\/p>\n<p>&nbsp;<\/p>\n<p><strong>R\u00c9SIDENCE FUN\u00c9RAIRE J.J. CARDINAL FUNERAL HOME<\/strong><\/p>\n<p>2125, rue Notre-Dame, Lachine (Qu\u00e9bec)\u00a0\u00a0H8S 2G5<\/p>\n<p>T\u00e9l. :\u00a0514-639-1511\u00a0|\u00a0T\u00e9l\u00e9c. :\u00a0514-639-1516\u00a0|\u00a0Courriel :\u00a0<a href=\"mailto:info@jjcardinal.ca\">info@jjcardinal.ca<\/a><\/p>\n<p><a href=\"https:\/\/goo.gl\/maps\/6TF2f\">Indications routi\u00e8res<\/a>\u00a0|\u00a0<a href=\"https:\/\/www.google.ca\/maps\/place\/2125+Rue+Notre+Dame,+Lachine,+QC+H8S+2G5\/@45.4345984,-73.6860437,17z\/data=!3m1!4b1!4m5!3m4!1s0x4cc91692e9fec1e5:0x1fc08493479c9f78!8m2!3d45.4345984!4d-73.683855?hl=en\">Driving Directions<\/a><\/p>\n<p><a href=\"http:\/\/www.meteomedia.com\/weather\/caqc0281\">Pr\u00e9visions m\u00e9t\u00e9orologiques<\/a>\u00a0|\u00a0<a href=\"https:\/\/www.theweathernetwork.com\/ca\">The Weather Network<\/a><\/p>\n<p>&nbsp;<\/p>\n","protected":false},"excerpt":{"rendered":"<p>C\u2019est avec regret que nous vous annon\u00e7ons le d\u00e9c\u00e8s de madame Anita St-Pierre, \u00e9pouse de Louis-Philippe St-Pierre, survenu \u00e0 Verdun le 2 janvier 2024 \u00e0 l\u2019\u00e2ge de 98 ans.\u00a0 &nbsp; Elle laisse dans le deuil ses filles Jos\u00e9e (feu Daniel Gagnon) et Colette, son fils Louis-Roch, ainsi que plusieurs parents et amis.\u00a0 &nbsp; Anita a [&hellip;]<\/p>\n","protected":false},"author":7,"featured_media":28521,"comment_status":"open","ping_status":"open","sticky":false,"template":"","format":"standard","meta":{"_seopress_robots_primary_cat":"none","_seopress_titles_title":"","_seopress_titles_desc":"","_seopress_robots_index":"","footnotes":""},"categories":[68],"tags":[],"class_list":["post-28526","post","type-post","status-publish","format-standard","has-post-thumbnail","hentry","category-obituaries"],"_links":{"self":[{"href":"https:\/\/jjcardinal.ca\/en\/wp-json\/wp\/v2\/posts\/28526","targetHints":{"allow":["GET"]}}],"collection":[{"href":"https:\/\/jjcardinal.ca\/en\/wp-json\/wp\/v2\/posts"}],"about":[{"href":"https:\/\/jjcardinal.ca\/en\/wp-json\/wp\/v2\/types\/post"}],"author":[{"embeddable":true,"href":"https:\/\/jjcardinal.ca\/en\/wp-json\/wp\/v2\/users\/7"}],"replies":[{"embeddable":true,"href":"https:\/\/jjcardinal.ca\/en\/wp-json\/wp\/v2\/comments?post=28526"}],"version-history":[{"count":2,"href":"https:\/\/jjcardinal.ca\/en\/wp-json\/wp\/v2\/posts\/28526\/revisions"}],"predecessor-version":[{"id":28528,"href":"https:\/\/jjcardinal.ca\/en\/wp-json\/wp\/v2\/posts\/28526\/revisions\/28528"}],"wp:featuredmedia":[{"embeddable":true,"href":"https:\/\/jjcardinal.ca\/en\/wp-json\/wp\/v2\/media\/28521"}],"wp:attachment":[{"href":"https:\/\/jjcardinal.ca\/en\/wp-json\/wp\/v2\/media?parent=28526"}],"wp:term":[{"taxonomy":"category","embeddable":true,"href":"https:\/\/jjcardinal.ca\/en\/wp-json\/wp\/v2\/categories?post=28526"},{"taxonomy":"post_tag","embeddable":true,"href":"https:\/\/jjcardinal.ca\/en\/wp-json\/wp\/v2\/tags?post=28526"}],"curies":[{"name":"wp","href":"https:\/\/api.w.org\/{rel}","templated":true}]}}