{"id":28686,"date":"2024-01-19T18:15:57","date_gmt":"2024-01-19T23:15:57","guid":{"rendered":"https:\/\/jjcardinal.ca\/mme-anita-cote\/"},"modified":"2024-01-19T18:16:32","modified_gmt":"2024-01-19T23:16:32","slug":"mme-anita-cote","status":"publish","type":"post","link":"https:\/\/jjcardinal.ca\/en\/mme-anita-cote\/","title":{"rendered":"Mrs. Anita C\u00f4t\u00e9"},"content":{"rendered":"<p>1938 \u2013 2024<\/p>\n<p>&nbsp;<\/p>\n<p>C\u2019est avec une immense tristesse que nous annon\u00e7ons le d\u00e9c\u00e8s de Mme Anita C\u00f4t\u00e9 \u00e9pouse de feu Gerrit (G\u00e9rard) Verhaaf.<\/p>\n<p>Outre son \u00e9poux, elle laisse dans le deuil sa fille Jos\u00e9e (Normand), son fils Michel (Carole) et sa fille Louise (feu Denis), ses petits-enfants Genevi\u00e8ve (Dominic), Karl (Thivya), Hans (Natalia), Micha\u00ebl, Audrey (Yannick),\u00a0 Vincent (Yasmine) et feu Simon, ses arri\u00e8res petits-enfants Blaise, Delphine et Nolan, ainsi que ses fr\u00e8res, soeurs, neveux, ni\u00e8ces et amis.<\/p>\n<p>&nbsp;<\/p>\n<p>La famille recevra les condol\u00e9ances le samedi 27 janvier 2024 de 14h00-17h00 et de 19h \u00e0 21h00 ainsi que le Dimanche 28 janvier 2024 de 10h \u00e0 11h00, \u00e0 la R\u00e9sidence Fun\u00e9raire J.J. Cardinal (2125 rue Notre-Dame, Lachine, H8S 2G5, 514-639-1511,\u00a0<a href=\"https:\/\/www.jjcardinal.ca\/\">www.jjcardinal.ca<\/a>), suivi des fun\u00e9railles en la chapelle \u00e0 11h00.<\/p>\n<p>&nbsp;<\/p>\n<p>&nbsp;<\/p>\n<p><strong>R\u00c9SIDENCE FUN\u00c9RAIRE J.J. CARDINAL FUNERAL HOME<\/strong><\/p>\n<p>2125, rue Notre-Dame, Lachine (Qu\u00e9bec)\u00a0\u00a0H8S 2G5<\/p>\n<p>T\u00e9l. :\u00a0514-639-1511\u00a0|\u00a0T\u00e9l\u00e9c. :\u00a0514-639-1516\u00a0|\u00a0Courriel :\u00a0<a href=\"mailto:info@jjcardinal.ca\">info@jjcardinal.ca<\/a><\/p>\n<p><a href=\"https:\/\/goo.gl\/maps\/6TF2f\">Indications routi\u00e8res<\/a>\u00a0|\u00a0<a href=\"https:\/\/www.google.ca\/maps\/place\/2125+Rue+Notre+Dame,+Lachine,+QC+H8S+2G5\/@45.4345984,-73.6860437,17z\/data=!3m1!4b1!4m5!3m4!1s0x4cc91692e9fec1e5:0x1fc08493479c9f78!8m2!3d45.4345984!4d-73.683855?hl=en\">Driving Directions<\/a><\/p>\n<p><a href=\"http:\/\/www.meteomedia.com\/weather\/caqc0281\">Pr\u00e9visions m\u00e9t\u00e9orologiques<\/a>\u00a0|\u00a0<a href=\"https:\/\/www.theweathernetwork.com\/ca\">The Weather Network<\/a><\/p>\n<p>&nbsp;<\/p>\n","protected":false},"excerpt":{"rendered":"<p>1938 \u2013 2024 &nbsp; C\u2019est avec une immense tristesse que nous annon\u00e7ons le d\u00e9c\u00e8s de Mme Anita C\u00f4t\u00e9 \u00e9pouse de feu Gerrit (G\u00e9rard) Verhaaf. Outre son \u00e9poux, elle laisse dans le deuil sa fille Jos\u00e9e (Normand), son fils Michel (Carole) et sa fille Louise (feu Denis), ses petits-enfants Genevi\u00e8ve (Dominic), Karl (Thivya), Hans (Natalia), Micha\u00ebl, [&hellip;]<\/p>\n","protected":false},"author":58,"featured_media":28683,"comment_status":"open","ping_status":"open","sticky":false,"template":"","format":"standard","meta":{"_seopress_robots_primary_cat":"none","_seopress_titles_title":"","_seopress_titles_desc":"","_seopress_robots_index":"","footnotes":""},"categories":[68],"tags":[],"class_list":["post-28686","post","type-post","status-publish","format-standard","has-post-thumbnail","hentry","category-obituaries"],"_links":{"self":[{"href":"https:\/\/jjcardinal.ca\/en\/wp-json\/wp\/v2\/posts\/28686","targetHints":{"allow":["GET"]}}],"collection":[{"href":"https:\/\/jjcardinal.ca\/en\/wp-json\/wp\/v2\/posts"}],"about":[{"href":"https:\/\/jjcardinal.ca\/en\/wp-json\/wp\/v2\/types\/post"}],"author":[{"embeddable":true,"href":"https:\/\/jjcardinal.ca\/en\/wp-json\/wp\/v2\/users\/58"}],"replies":[{"embeddable":true,"href":"https:\/\/jjcardinal.ca\/en\/wp-json\/wp\/v2\/comments?post=28686"}],"version-history":[{"count":1,"href":"https:\/\/jjcardinal.ca\/en\/wp-json\/wp\/v2\/posts\/28686\/revisions"}],"predecessor-version":[{"id":28689,"href":"https:\/\/jjcardinal.ca\/en\/wp-json\/wp\/v2\/posts\/28686\/revisions\/28689"}],"wp:featuredmedia":[{"embeddable":true,"href":"https:\/\/jjcardinal.ca\/en\/wp-json\/wp\/v2\/media\/28683"}],"wp:attachment":[{"href":"https:\/\/jjcardinal.ca\/en\/wp-json\/wp\/v2\/media?parent=28686"}],"wp:term":[{"taxonomy":"category","embeddable":true,"href":"https:\/\/jjcardinal.ca\/en\/wp-json\/wp\/v2\/categories?post=28686"},{"taxonomy":"post_tag","embeddable":true,"href":"https:\/\/jjcardinal.ca\/en\/wp-json\/wp\/v2\/tags?post=28686"}],"curies":[{"name":"wp","href":"https:\/\/api.w.org\/{rel}","templated":true}]}}