{"id":29111,"date":"2024-03-04T16:26:29","date_gmt":"2024-03-04T21:26:29","guid":{"rendered":"https:\/\/jjcardinal.ca\/mme-denise-labelle\/"},"modified":"2024-03-04T16:27:06","modified_gmt":"2024-03-04T21:27:06","slug":"mme-denise-labelle","status":"publish","type":"post","link":"https:\/\/jjcardinal.ca\/en\/mme-denise-labelle\/","title":{"rendered":"Mrs Denise Labelle"},"content":{"rendered":"<p>1932-2024<\/p>\n<p>&nbsp;<\/p>\n<p>Le 25 f\u00e9vrier 2024, \u00e0 l\u2019\u00e2ge de 91 ans, est d\u00e9c\u00e9d\u00e9e Madame Denise Labelle \u00e0 l\u2019h\u00f4pital Charles-LeMoyne de Greenfield Park.<\/p>\n<p>N\u00e9e \u00e0 Degrosbois, dans la municipalit\u00e9 de Sainte-Agathe-des-Monts, de Pierre Labelle et Eug\u00e9nie Plouffe, elle n\u2019avait pas d\u2019enfant. Comme elle avait 4 s\u0153urs et 2 fr\u00e8res (Georgette, Jacqueline, Rolande, Gis\u00e8le, Andr\u00e9, Thomas et leur conjoint(e)s), elle laisse dans le deuil ses neveux et ni\u00e8ces\u00a0: Maurice, Normand, Gilles, Phillipe, Andr\u00e9, Claude, Kathleen et Marie-Jos\u00e9e et leur conjoint(e)s ainsi que des parents et ami(e)s. Elle a partag\u00e9 une grande partie de vie avec feu son conjoint Claude Blair.<\/p>\n<p>La famille recevra les condol\u00e9ances le jeudi 21 mars 2024 de 19h00 \u00e0 21h00 \u00e0 la R\u00e9sidence Fun\u00e9raire J.J. Cardinal (514-639-1511), 2125 rue Notre-Dame, Lachine, H8S 2G5,\u00a0<a href=\"http:\/\/www.jjcardinal.ca\/\">www.jjcardinal.ca<\/a>), suivi vendredi le 22 mars d\u2019une messe \u00e0 l\u2019\u00e9glise des Saints-Anges-Gardiens de Lachine \u00e0 10h30 (1400 Boulevard Saint-Joseph, Lachine Qu\u00e9bec H8S 2M8).<\/p>\n<p>L\u2019inhumation de la d\u00e9funte se fera le mercredi 27 mars 2024 \u00e0 13h00 au cimeti\u00e8re d\u2019Ivry-sur-le-Lac situ\u00e9 au 638 Chemin de la Gare, Ivry-sur-le-Lac (Sainte-Agathe-des-Monts).<\/p>\n<p>&nbsp;<\/p>\n<p>&nbsp;<\/p>\n<p>&nbsp;<\/p>\n<p>&nbsp;<\/p>\n<p><strong>\u00a0<\/strong><\/p>\n<p><strong>R\u00c9SIDENCE FUN\u00c9RAIRE J.J. CARDINAL FUNERAL HOME<\/strong><\/p>\n<p>2125, rue Notre-Dame, Lachine (Qu\u00e9bec)\u00a0\u00a0H8S 2G5<\/p>\n<p>T\u00e9l. :\u00a0514-639-1511\u00a0|\u00a0T\u00e9l\u00e9c. :\u00a0514-639-1516\u00a0|\u00a0Courriel :\u00a0<a href=\"mailto:info@jjcardinal.ca\">info@jjcardinal.ca<\/a><\/p>\n<p><a href=\"https:\/\/goo.gl\/maps\/6TF2f\">Indications routi\u00e8res<\/a> | <a href=\"https:\/\/www.google.ca\/maps\/place\/2125+Rue+Notre+Dame,+Lachine,+QC+H8S+2G5\/@45.4345984,-73.6860437,17z\/data=!3m1!4b1!4m5!3m4!1s0x4cc91692e9fec1e5:0x1fc08493479c9f78!8m2!3d45.4345984!4d-73.683855?hl=en\">Driving Directions<\/a><\/p>\n<p><a href=\"http:\/\/www.meteomedia.com\/weather\/caqc0281\">Pr\u00e9visions m\u00e9t\u00e9orologiques<\/a> | <a href=\"https:\/\/www.theweathernetwork.com\/ca\">The Weather Network<\/a><\/p>\n<p>&nbsp;<\/p>\n","protected":false},"excerpt":{"rendered":"<p>1932-2024 &nbsp; Le 25 f\u00e9vrier 2024, \u00e0 l\u2019\u00e2ge de 91 ans, est d\u00e9c\u00e9d\u00e9e Madame Denise Labelle \u00e0 l\u2019h\u00f4pital Charles-LeMoyne de Greenfield Park. N\u00e9e \u00e0 Degrosbois, dans la municipalit\u00e9 de Sainte-Agathe-des-Monts, de Pierre Labelle et Eug\u00e9nie Plouffe, elle n\u2019avait pas d\u2019enfant. Comme elle avait 4 s\u0153urs et 2 fr\u00e8res (Georgette, Jacqueline, Rolande, Gis\u00e8le, Andr\u00e9, Thomas et [&hellip;]<\/p>\n","protected":false},"author":7,"featured_media":29108,"comment_status":"open","ping_status":"open","sticky":false,"template":"","format":"standard","meta":{"_seopress_robots_primary_cat":"none","_seopress_titles_title":"","_seopress_titles_desc":"","_seopress_robots_index":"","footnotes":""},"categories":[68],"tags":[],"class_list":["post-29111","post","type-post","status-publish","format-standard","has-post-thumbnail","hentry","category-obituaries"],"_links":{"self":[{"href":"https:\/\/jjcardinal.ca\/en\/wp-json\/wp\/v2\/posts\/29111","targetHints":{"allow":["GET"]}}],"collection":[{"href":"https:\/\/jjcardinal.ca\/en\/wp-json\/wp\/v2\/posts"}],"about":[{"href":"https:\/\/jjcardinal.ca\/en\/wp-json\/wp\/v2\/types\/post"}],"author":[{"embeddable":true,"href":"https:\/\/jjcardinal.ca\/en\/wp-json\/wp\/v2\/users\/7"}],"replies":[{"embeddable":true,"href":"https:\/\/jjcardinal.ca\/en\/wp-json\/wp\/v2\/comments?post=29111"}],"version-history":[{"count":1,"href":"https:\/\/jjcardinal.ca\/en\/wp-json\/wp\/v2\/posts\/29111\/revisions"}],"predecessor-version":[{"id":29114,"href":"https:\/\/jjcardinal.ca\/en\/wp-json\/wp\/v2\/posts\/29111\/revisions\/29114"}],"wp:featuredmedia":[{"embeddable":true,"href":"https:\/\/jjcardinal.ca\/en\/wp-json\/wp\/v2\/media\/29108"}],"wp:attachment":[{"href":"https:\/\/jjcardinal.ca\/en\/wp-json\/wp\/v2\/media?parent=29111"}],"wp:term":[{"taxonomy":"category","embeddable":true,"href":"https:\/\/jjcardinal.ca\/en\/wp-json\/wp\/v2\/categories?post=29111"},{"taxonomy":"post_tag","embeddable":true,"href":"https:\/\/jjcardinal.ca\/en\/wp-json\/wp\/v2\/tags?post=29111"}],"curies":[{"name":"wp","href":"https:\/\/api.w.org\/{rel}","templated":true}]}}