{"id":30124,"date":"2024-06-29T11:01:52","date_gmt":"2024-06-29T15:01:52","guid":{"rendered":"https:\/\/jjcardinal.ca\/?p=30124"},"modified":"2024-07-03T13:05:13","modified_gmt":"2024-07-03T17:05:13","slug":"mrs-constance-brais-cusson","status":"publish","type":"post","link":"https:\/\/jjcardinal.ca\/en\/mrs-constance-brais-cusson\/","title":{"rendered":"Mrs. Constance Brais Cusson"},"content":{"rendered":"<p>1946-2024<\/p>\n<p>&nbsp;<\/p>\n<p>D\u00e9c\u00e9d\u00e9 le 30 mai \u00e0 l\u2019\u00e2ge de 77 ans, elle laisse dans le deuil ses deux enfants, St\u00e9phane et Suzanne, son beau-fils Dean McKinnon et ses 3 petits-enfants Brodie, Gabrielle et Kendall.<\/p>\n<p>La famille recevra les condol\u00e9ances le samedi 6 juillet 2024 de 13 h \u00e0 16h, \u00e0 la\u00a0R\u00e9sidence Fun\u00e9raire J.J. Cardinal (2125 rue Notre-Dame, Lachine, 514-639-1511,\u00a0<a href=\"https:\/\/www.jjcardinal.ca\/\">www.jjcardinal.ca<\/a>). Suivi par une c\u00e9r\u00e9monie en chapelle \u00e0 16h00.<\/p>\n<p>&nbsp;<\/p>\n<p>&nbsp;<\/p>\n<p>&nbsp;<\/p>\n<p>&nbsp;<\/p>\n<p><strong>\u00a0<\/strong><\/p>\n<p><strong>R\u00c9SIDENCE FUN\u00c9RAIRE J.J. CARDINAL FUNERAL HOME<\/strong><\/p>\n<p>2125, rue Notre-Dame, Lachine (Qu\u00e9bec)\u00a0\u00a0H8S 2G5<\/p>\n<p>T\u00e9l. :\u00a0514-639-1511\u00a0|\u00a0T\u00e9l\u00e9c. :\u00a0514-639-1516\u00a0|\u00a0Courriel :\u00a0<a href=\"mailto:info@jjcardinal.ca\">info@jjcardinal.ca<\/a><\/p>\n<p><a href=\"https:\/\/goo.gl\/maps\/6TF2f\">Indications routi\u00e8res<\/a> | <a href=\"https:\/\/www.google.ca\/maps\/place\/2125+Rue+Notre+Dame,+Lachine,+QC+H8S+2G5\/@45.4345984,-73.6860437,17z\/data=!3m1!4b1!4m5!3m4!1s0x4cc91692e9fec1e5:0x1fc08493479c9f78!8m2!3d45.4345984!4d-73.683855?hl=en\">Driving Directions<\/a><\/p>\n<p><a href=\"http:\/\/www.meteomedia.com\/weather\/caqc0281\">Pr\u00e9visions m\u00e9t\u00e9orologiques<\/a> | <a href=\"https:\/\/www.theweathernetwork.com\/ca\">The Weather Network<\/a><\/p>\n<p>&nbsp;<\/p>\n","protected":false},"excerpt":{"rendered":"<p>1946-2024 &nbsp; D\u00e9c\u00e9d\u00e9 le 30 mai \u00e0 l\u2019\u00e2ge de 77 ans, elle laisse dans le deuil ses deux enfants, St\u00e9phane et Suzanne, son beau-fils Dean McKinnon et ses 3 petits-enfants Brodie, Gabrielle et Kendall. La famille recevra les condol\u00e9ances le samedi 6 juillet 2024 de 13 h \u00e0 16h, \u00e0 la\u00a0R\u00e9sidence Fun\u00e9raire J.J. Cardinal (2125 [&hellip;]<\/p>\n","protected":false},"author":7,"featured_media":30127,"comment_status":"open","ping_status":"open","sticky":false,"template":"","format":"standard","meta":{"_seopress_robots_primary_cat":"none","_seopress_titles_title":"","_seopress_titles_desc":"","_seopress_robots_index":"","footnotes":""},"categories":[68],"tags":[],"class_list":["post-30124","post","type-post","status-publish","format-standard","has-post-thumbnail","hentry","category-obituaries"],"_links":{"self":[{"href":"https:\/\/jjcardinal.ca\/en\/wp-json\/wp\/v2\/posts\/30124","targetHints":{"allow":["GET"]}}],"collection":[{"href":"https:\/\/jjcardinal.ca\/en\/wp-json\/wp\/v2\/posts"}],"about":[{"href":"https:\/\/jjcardinal.ca\/en\/wp-json\/wp\/v2\/types\/post"}],"author":[{"embeddable":true,"href":"https:\/\/jjcardinal.ca\/en\/wp-json\/wp\/v2\/users\/7"}],"replies":[{"embeddable":true,"href":"https:\/\/jjcardinal.ca\/en\/wp-json\/wp\/v2\/comments?post=30124"}],"version-history":[{"count":2,"href":"https:\/\/jjcardinal.ca\/en\/wp-json\/wp\/v2\/posts\/30124\/revisions"}],"predecessor-version":[{"id":30174,"href":"https:\/\/jjcardinal.ca\/en\/wp-json\/wp\/v2\/posts\/30124\/revisions\/30174"}],"wp:featuredmedia":[{"embeddable":true,"href":"https:\/\/jjcardinal.ca\/en\/wp-json\/wp\/v2\/media\/30127"}],"wp:attachment":[{"href":"https:\/\/jjcardinal.ca\/en\/wp-json\/wp\/v2\/media?parent=30124"}],"wp:term":[{"taxonomy":"category","embeddable":true,"href":"https:\/\/jjcardinal.ca\/en\/wp-json\/wp\/v2\/categories?post=30124"},{"taxonomy":"post_tag","embeddable":true,"href":"https:\/\/jjcardinal.ca\/en\/wp-json\/wp\/v2\/tags?post=30124"}],"curies":[{"name":"wp","href":"https:\/\/api.w.org\/{rel}","templated":true}]}}