{"id":30604,"date":"2024-08-24T23:12:06","date_gmt":"2024-08-25T03:12:06","guid":{"rendered":"https:\/\/jjcardinal.ca\/mme-rose-chuby-williston\/"},"modified":"2024-08-24T23:12:44","modified_gmt":"2024-08-25T03:12:44","slug":"mme-rose-chuby-williston","status":"publish","type":"post","link":"https:\/\/jjcardinal.ca\/en\/mme-rose-chuby-williston\/","title":{"rendered":"Mrs. Rose Chuby Williston"},"content":{"rendered":"<p>1933-2024<\/p>\n<p>We announce the passing of Rose Chuby Williston on Tuesday, August 20<sup>th<\/sup>, 2024.<\/p>\n<p>Visitations will take place on Monday, August 26 from 6 to 9 PM. Funeral on Tuesday, August 27 at 11 AM at J.J. Cardinal Funeral Chapel, 2125 Notre-Dame st. , Lachine, H8S 2G5.<\/p>\n<p>&nbsp;<\/p>\n<p>&nbsp;<\/p>\n<p>&nbsp;<\/p>\n<p>&nbsp;<\/p>\n<p><strong>\u00a0<\/strong><\/p>\n<p><strong>R\u00c9SIDENCE FUN\u00c9RAIRE J.J. CARDINAL FUNERAL HOME<\/strong><\/p>\n<p>2125, rue Notre-Dame, Lachine (Qu\u00e9bec)\u00a0\u00a0H8S 2G5<\/p>\n<p>T\u00e9l. :\u00a0514-639-1511\u00a0|\u00a0T\u00e9l\u00e9c. :\u00a0514-639-1516\u00a0|\u00a0Courriel :\u00a0<a href=\"mailto:info@jjcardinal.ca\">info@jjcardinal.ca<\/a><\/p>\n<p><a href=\"https:\/\/goo.gl\/maps\/6TF2f\">Indications routi\u00e8res<\/a> | <a href=\"https:\/\/www.google.ca\/maps\/place\/2125+Rue+Notre+Dame,+Lachine,+QC+H8S+2G5\/@45.4345984,-73.6860437,17z\/data=!3m1!4b1!4m5!3m4!1s0x4cc91692e9fec1e5:0x1fc08493479c9f78!8m2!3d45.4345984!4d-73.683855?hl=en\">Driving Directions<\/a><\/p>\n<p><a href=\"http:\/\/www.meteomedia.com\/weather\/caqc0281\">Pr\u00e9visions m\u00e9t\u00e9orologiques<\/a> | <a href=\"https:\/\/www.theweathernetwork.com\/ca\">The Weather Network<\/a><\/p>\n<p>&nbsp;<\/p>\n<p>&nbsp;<\/p>\n","protected":false},"excerpt":{"rendered":"<p>1933-2024 We announce the passing of Rose Chuby Williston on Tuesday, August 20th, 2024. Visitations will take place on Monday, August 26 from 6 to 9 PM. Funeral on Tuesday, August 27 at 11 AM at J.J. Cardinal Funeral Chapel, 2125 Notre-Dame st. , Lachine, H8S 2G5. &nbsp; &nbsp; &nbsp; &nbsp; \u00a0 R\u00c9SIDENCE FUN\u00c9RAIRE J.J. [&hellip;]<\/p>\n","protected":false},"author":7,"featured_media":30601,"comment_status":"open","ping_status":"open","sticky":false,"template":"","format":"standard","meta":{"_seopress_robots_primary_cat":"none","_seopress_titles_title":"","_seopress_titles_desc":"","_seopress_robots_index":"","footnotes":""},"categories":[68],"tags":[],"class_list":["post-30604","post","type-post","status-publish","format-standard","has-post-thumbnail","hentry","category-obituaries"],"_links":{"self":[{"href":"https:\/\/jjcardinal.ca\/en\/wp-json\/wp\/v2\/posts\/30604","targetHints":{"allow":["GET"]}}],"collection":[{"href":"https:\/\/jjcardinal.ca\/en\/wp-json\/wp\/v2\/posts"}],"about":[{"href":"https:\/\/jjcardinal.ca\/en\/wp-json\/wp\/v2\/types\/post"}],"author":[{"embeddable":true,"href":"https:\/\/jjcardinal.ca\/en\/wp-json\/wp\/v2\/users\/7"}],"replies":[{"embeddable":true,"href":"https:\/\/jjcardinal.ca\/en\/wp-json\/wp\/v2\/comments?post=30604"}],"version-history":[{"count":1,"href":"https:\/\/jjcardinal.ca\/en\/wp-json\/wp\/v2\/posts\/30604\/revisions"}],"predecessor-version":[{"id":30607,"href":"https:\/\/jjcardinal.ca\/en\/wp-json\/wp\/v2\/posts\/30604\/revisions\/30607"}],"wp:featuredmedia":[{"embeddable":true,"href":"https:\/\/jjcardinal.ca\/en\/wp-json\/wp\/v2\/media\/30601"}],"wp:attachment":[{"href":"https:\/\/jjcardinal.ca\/en\/wp-json\/wp\/v2\/media?parent=30604"}],"wp:term":[{"taxonomy":"category","embeddable":true,"href":"https:\/\/jjcardinal.ca\/en\/wp-json\/wp\/v2\/categories?post=30604"},{"taxonomy":"post_tag","embeddable":true,"href":"https:\/\/jjcardinal.ca\/en\/wp-json\/wp\/v2\/tags?post=30604"}],"curies":[{"name":"wp","href":"https:\/\/api.w.org\/{rel}","templated":true}]}}