{"id":31591,"date":"2024-11-08T11:46:55","date_gmt":"2024-11-08T16:46:55","guid":{"rendered":"https:\/\/jjcardinal.ca\/m-andre-carignan\/"},"modified":"2024-11-08T11:47:39","modified_gmt":"2024-11-08T16:47:39","slug":"m-andre-carignan","status":"publish","type":"post","link":"https:\/\/jjcardinal.ca\/en\/m-andre-carignan\/","title":{"rendered":"Mr. Andr\u00e9 Carignan"},"content":{"rendered":"<p><em>\u00a0<\/em><\/p>\n<p><em>C\u2019est avec une profonde tristesse que nous annon\u00e7ons le d\u00e9c\u00e8s de M. Andr\u00e9 Carignan \u00e9poux de feu Lise Proulx. <\/em><\/p>\n<p><em>\u00a0<\/em><\/p>\n<p><em>Il laisse dans le deuil\u00a0:<\/em><\/p>\n<p><em>ses fils\u00a0: Richard (Manon) et \u00a0Michel (Catherine)<\/em><\/p>\n<p><em>sa s\u0153ur, Jeannine<\/em><\/p>\n<p><em>ses petits-enfants\u00a0: Marie-Lune et Nicolas;<\/em><\/p>\n<p><em>ses beaux-petits-enfants\u00a0: Andrew (Virginie), Julie (Fred) et Jean-Fran\u00e7ois<\/em><\/p>\n<p><em>sa grande amie, Marguerite. <\/em><\/p>\n<p><em>Ainsi que plusieurs parents et amis. <\/em><\/p>\n<p><em>\u00a0<\/em><\/p>\n<p><em>La famille recevra les condol\u00e9ances le samedi 16 novembre 2024, de 11 h \u00e0 13 h\u00a0\u00e0 la \u00a0R\u00e9sidence fun\u00e9raire J.J. Cardinal (2125 rue Notre-Dame, Lachine H8S 2G5).<\/em><\/p>\n<p><em>\u00a0<\/em><\/p>\n<p><strong><em>R\u00c9SIDENCE FUN\u00c9RAIRE J.J. CARDINAL FUNERAL HOME<\/em><\/strong><\/p>\n<p><em>2125, rue Notre-Dame, Lachine (Qu\u00e9bec)\u00a0\u00a0H8S 2G5<\/em><\/p>\n<p><em>T\u00e9l. :\u00a0514-639-1511\u00a0|\u00a0T\u00e9l\u00e9c. :\u00a0514-639-1516\u00a0|\u00a0Courriel :\u00a0<\/em><a href=\"mailto:service@jjcardinal.ca\"><em>service@jjcardinal.ca<\/em><\/a><\/p>\n<p><a href=\"https:\/\/goo.gl\/maps\/6TF2f\"><em>Indications routi\u00e8res<\/em><\/a><em>\u00a0|\u00a0<\/em><a href=\"https:\/\/www.google.ca\/maps\/place\/2125+Rue+Notre+Dame,+Lachine,+QC+H8S+2G5\/@45.4345984,-73.6860437,17z\/data=!3m1!4b1!4m5!3m4!1s0x4cc91692e9fec1e5:0x1fc08493479c9f78!8m2!3d45.4345984!4d-73.683855?hl=en\"><em>Driving Directions<\/em><\/a><\/p>\n<p><a href=\"http:\/\/www.meteomedia.com\/weather\/caqc0281\"><em>Pr\u00e9visions m\u00e9t\u00e9orologiques<\/em><\/a><em>\u00a0|\u00a0<\/em><a href=\"https:\/\/www.theweathernetwork.com\/ca\"><em>The Weather Network<\/em><\/a><\/p>\n","protected":false},"excerpt":{"rendered":"<p>\u00a0 C\u2019est avec une profonde tristesse que nous annon\u00e7ons le d\u00e9c\u00e8s de M. Andr\u00e9 Carignan \u00e9poux de feu Lise Proulx. \u00a0 Il laisse dans le deuil\u00a0: ses fils\u00a0: Richard (Manon) et \u00a0Michel (Catherine) sa s\u0153ur, Jeannine ses petits-enfants\u00a0: Marie-Lune et Nicolas; ses beaux-petits-enfants\u00a0: Andrew (Virginie), Julie (Fred) et Jean-Fran\u00e7ois sa grande amie, Marguerite. Ainsi que [&hellip;]<\/p>\n","protected":false},"author":58,"featured_media":31588,"comment_status":"open","ping_status":"open","sticky":false,"template":"","format":"standard","meta":{"_seopress_robots_primary_cat":"none","_seopress_titles_title":"","_seopress_titles_desc":"","_seopress_robots_index":"","footnotes":""},"categories":[68],"tags":[],"class_list":["post-31591","post","type-post","status-publish","format-standard","has-post-thumbnail","hentry","category-obituaries"],"_links":{"self":[{"href":"https:\/\/jjcardinal.ca\/en\/wp-json\/wp\/v2\/posts\/31591","targetHints":{"allow":["GET"]}}],"collection":[{"href":"https:\/\/jjcardinal.ca\/en\/wp-json\/wp\/v2\/posts"}],"about":[{"href":"https:\/\/jjcardinal.ca\/en\/wp-json\/wp\/v2\/types\/post"}],"author":[{"embeddable":true,"href":"https:\/\/jjcardinal.ca\/en\/wp-json\/wp\/v2\/users\/58"}],"replies":[{"embeddable":true,"href":"https:\/\/jjcardinal.ca\/en\/wp-json\/wp\/v2\/comments?post=31591"}],"version-history":[{"count":1,"href":"https:\/\/jjcardinal.ca\/en\/wp-json\/wp\/v2\/posts\/31591\/revisions"}],"predecessor-version":[{"id":31593,"href":"https:\/\/jjcardinal.ca\/en\/wp-json\/wp\/v2\/posts\/31591\/revisions\/31593"}],"wp:featuredmedia":[{"embeddable":true,"href":"https:\/\/jjcardinal.ca\/en\/wp-json\/wp\/v2\/media\/31588"}],"wp:attachment":[{"href":"https:\/\/jjcardinal.ca\/en\/wp-json\/wp\/v2\/media?parent=31591"}],"wp:term":[{"taxonomy":"category","embeddable":true,"href":"https:\/\/jjcardinal.ca\/en\/wp-json\/wp\/v2\/categories?post=31591"},{"taxonomy":"post_tag","embeddable":true,"href":"https:\/\/jjcardinal.ca\/en\/wp-json\/wp\/v2\/tags?post=31591"}],"curies":[{"name":"wp","href":"https:\/\/api.w.org\/{rel}","templated":true}]}}