{"id":31748,"date":"2024-11-18T16:38:08","date_gmt":"2024-11-18T21:38:08","guid":{"rendered":"https:\/\/jjcardinal.ca\/?p=31748"},"modified":"2024-11-18T16:38:08","modified_gmt":"2024-11-18T21:38:08","slug":"m-alexander-eddy-mayor","status":"publish","type":"post","link":"https:\/\/jjcardinal.ca\/en\/m-alexander-eddy-mayor\/","title":{"rendered":"Mr. Alexander \u2018\u2019Eddy\u2019\u2019 Mayor"},"content":{"rendered":"<p>1932-2024<\/p>\n<p>&nbsp;<\/p>\n<p>It is with profound sadness that we announce the passing of our loving father Alexander Edward Mayor, at the age of 92 years on November 4<sup>th<\/sup>, 2024<\/p>\n<p>&nbsp;<\/p>\n<p>Loving husband to the late Grace Molnar Mayor, he will be dearly missed by his children Gerry\u00a0(Debbie MacDonald)\u00a0and Richard\u00a0(Belina Tolentino), his grandchildren Michelle Di Blasio (Mayor) and Ryan Mayor as well as several nephews, nieces, relatives and friends. He will be remembered fondly by all who knew him.<\/p>\n<p>&nbsp;<\/p>\n<p>Visitation will be on Thursday, November 21<sup>st<\/sup> from 2 to 4 pm at R\u00e9sidence fun\u00e9raire J.C. Cardinal Funeral Home, 560 Ch. Bord-du-Lac\/Lakeshore dr., Dorval, QC H9S2B3\u00a0T: 514-631-1511. A ceremony in the chapel will follow at 4:00pm.<\/p>\n<p>&nbsp;<\/p>\n<p>&nbsp;<\/p>\n<p>&nbsp;<\/p>\n<p><strong>R\u00c9SIDENCE FUN\u00c9RAIRE J.J. CARDINAL FUNERAL HOME<\/strong><\/p>\n<p>560, Chemin Bord-du-Lac, Dorval (Qu\u00e9bec)\u00a0\u00a0H9S 2B3<\/p>\n<p>T\u00e9l. :\u00a0514-631-1511\u00a0|\u00a0T\u00e9l\u00e9c. :\u00a0514-631-1516\u00a0|\u00a0Courriel :\u00a0<a href=\"mailto:service@jccardinal.ca\">service@jccardinal.ca<\/a><\/p>\n<p><a href=\"https:\/\/www.google.ca\/maps\/place\/560+Chem.+du+Bord-du-Lac-Lakeshore,+Dorval,+QC+H9S+2B3\/@45.4400639,-73.7382312,17z\/data=!3m1!4b1!4m6!3m5!1s0x4cc916170fe7f9fd:0x43c8ed69503d0b1c!8m2!3d45.4400602!4d-73.7333657!16s%2Fg%2F11bzy_z_bm?hl=fr\">Indications routi\u00e8res<\/a> | <a href=\"https:\/\/www.google.ca\/maps\/place\/560+Chem.+du+Bord-du-Lac-Lakeshore,+Dorval,+QC+H9S+2B3\/@45.4400639,-73.735946,17z\/data=!3m1!4b1!4m6!3m5!1s0x4cc916170fe7f9fd:0x43c8ed69503d0b1c!8m2!3d45.4400602!4d-73.7333657!16s%2Fg%2F11bzy_z_bm?hl=en\">Driving Directions<\/a><\/p>\n<p><a href=\"http:\/\/www.meteomedia.com\/weather\/caqc0281\">Pr\u00e9visions m\u00e9t\u00e9orologiques<\/a> | <a href=\"https:\/\/www.theweathernetwork.com\/ca\">The Weather Network<\/a><\/p>\n","protected":false},"excerpt":{"rendered":"<p>1932-2024 &nbsp; It is with profound sadness that we announce the passing of our loving father Alexander Edward Mayor, at the age of 92 years on November 4th, 2024 &nbsp; Loving husband to the late Grace Molnar Mayor, he will be dearly missed by his children Gerry\u00a0(Debbie MacDonald)\u00a0and Richard\u00a0(Belina Tolentino), his grandchildren Michelle Di Blasio [&hellip;]<\/p>\n","protected":false},"author":58,"featured_media":31746,"comment_status":"open","ping_status":"open","sticky":false,"template":"","format":"standard","meta":{"_seopress_robots_primary_cat":"none","_seopress_titles_title":"","_seopress_titles_desc":"","_seopress_robots_index":"","footnotes":""},"categories":[68],"tags":[],"class_list":["post-31748","post","type-post","status-publish","format-standard","has-post-thumbnail","hentry","category-obituaries"],"_links":{"self":[{"href":"https:\/\/jjcardinal.ca\/en\/wp-json\/wp\/v2\/posts\/31748","targetHints":{"allow":["GET"]}}],"collection":[{"href":"https:\/\/jjcardinal.ca\/en\/wp-json\/wp\/v2\/posts"}],"about":[{"href":"https:\/\/jjcardinal.ca\/en\/wp-json\/wp\/v2\/types\/post"}],"author":[{"embeddable":true,"href":"https:\/\/jjcardinal.ca\/en\/wp-json\/wp\/v2\/users\/58"}],"replies":[{"embeddable":true,"href":"https:\/\/jjcardinal.ca\/en\/wp-json\/wp\/v2\/comments?post=31748"}],"version-history":[{"count":2,"href":"https:\/\/jjcardinal.ca\/en\/wp-json\/wp\/v2\/posts\/31748\/revisions"}],"predecessor-version":[{"id":31752,"href":"https:\/\/jjcardinal.ca\/en\/wp-json\/wp\/v2\/posts\/31748\/revisions\/31752"}],"wp:featuredmedia":[{"embeddable":true,"href":"https:\/\/jjcardinal.ca\/en\/wp-json\/wp\/v2\/media\/31746"}],"wp:attachment":[{"href":"https:\/\/jjcardinal.ca\/en\/wp-json\/wp\/v2\/media?parent=31748"}],"wp:term":[{"taxonomy":"category","embeddable":true,"href":"https:\/\/jjcardinal.ca\/en\/wp-json\/wp\/v2\/categories?post=31748"},{"taxonomy":"post_tag","embeddable":true,"href":"https:\/\/jjcardinal.ca\/en\/wp-json\/wp\/v2\/tags?post=31748"}],"curies":[{"name":"wp","href":"https:\/\/api.w.org\/{rel}","templated":true}]}}