{"id":35308,"date":"2025-10-29T16:56:28","date_gmt":"2025-10-29T20:56:28","guid":{"rendered":"https:\/\/jjcardinal.ca\/?p=35308"},"modified":"2025-11-02T19:06:04","modified_gmt":"2025-11-03T00:06:04","slug":"mme-andree-grenier","status":"publish","type":"post","link":"https:\/\/jjcardinal.ca\/en\/mme-andree-grenier\/","title":{"rendered":"Mme Andr\u00e9e Grenier"},"content":{"rendered":"<p>1941 &#8211; 2025<\/p>\n<p style=\"font-weight: 400;\">C\u2019est avec regret que nous annon\u00e7ons le d\u00e9c\u00e8s de Mme Andr\u00e9e Grenier, le 25 octobre 2025, \u00e0 Lachine.<\/p>\n<p style=\"font-weight: 400;\">Elle laisse dans le deuil sa fille, Sylvie Morin; ses petits-enfants, \u00c9milie Campeau, M\u00e9lanie Parenteau, Tomy Campeau, Kelly-Ann Parenteau; son fr\u00e8re, Luc Grenier et sa s\u0153ur, Jeannine L\u00e9pine; ses ni\u00e8ces et neveux, ainsi que plusieurs parents et amis.<br \/>\nElle est all\u00e9e rejoindre son \u00e9poux, M. Gilbert Morin et sa fille Carole Morin.<\/p>\n<p style=\"font-weight: 400;\">La famille recevra les condol\u00e9ances le 29 novembre 2025, \u00e0 compter de 9 h 30, suivies de la c\u00e9r\u00e9monie \u00e0 12 h 30, \u00e0 la R\u00e9sidence fun\u00e9raire J.J. Cardinal (2125, rue Notre-Dame Lachine QC H8S 2G5).<\/p>\n<p><strong>R\u00c9SIDENCE FUN\u00c9RAIRE J.J. CARDINAL<\/strong><\/p>\n<p>2125, rue Notre-Dame, Lachine (Qu\u00e9bec)\u00a0\u00a0H8S 2G5<\/p>\n<p>T\u00e9l. :\u00a0514-639-1511\u00a0|\u00a0T\u00e9l\u00e9c. :\u00a0514-639-1516\u00a0|\u00a0Courriel :\u00a0<a href=\"mailto:info@jjcardinal.ca\">info@jjcardinal.ca<\/a><\/p>\n<p><a href=\"https:\/\/goo.gl\/maps\/6TF2f\">Indications routi\u00e8res<\/a>\u00a0|\u00a0<a href=\"http:\/\/www.meteomedia.com\/weather\/caqc0281\">Pr\u00e9visions m\u00e9t\u00e9orologiques<\/a><\/p>\n","protected":false},"excerpt":{"rendered":"<p>1941 &#8211; 2025 C\u2019est avec regret que nous annon\u00e7ons le d\u00e9c\u00e8s de Mme Andr\u00e9e Grenier, le 25 octobre 2025, \u00e0 Lachine. Elle laisse dans le deuil sa fille, Sylvie Morin; ses petits-enfants, \u00c9milie Campeau, M\u00e9lanie Parenteau, Tomy Campeau, Kelly-Ann Parenteau; son fr\u00e8re, Luc Grenier et sa s\u0153ur, Jeannine L\u00e9pine; ses ni\u00e8ces et neveux, ainsi que [&hellip;]<\/p>\n","protected":false},"author":58,"featured_media":35306,"comment_status":"open","ping_status":"open","sticky":false,"template":"","format":"standard","meta":{"_seopress_robots_primary_cat":"none","_seopress_titles_title":"","_seopress_titles_desc":"","_seopress_robots_index":"","footnotes":""},"categories":[68],"tags":[],"class_list":["post-35308","post","type-post","status-publish","format-standard","has-post-thumbnail","hentry","category-obituaries"],"_links":{"self":[{"href":"https:\/\/jjcardinal.ca\/en\/wp-json\/wp\/v2\/posts\/35308","targetHints":{"allow":["GET"]}}],"collection":[{"href":"https:\/\/jjcardinal.ca\/en\/wp-json\/wp\/v2\/posts"}],"about":[{"href":"https:\/\/jjcardinal.ca\/en\/wp-json\/wp\/v2\/types\/post"}],"author":[{"embeddable":true,"href":"https:\/\/jjcardinal.ca\/en\/wp-json\/wp\/v2\/users\/58"}],"replies":[{"embeddable":true,"href":"https:\/\/jjcardinal.ca\/en\/wp-json\/wp\/v2\/comments?post=35308"}],"version-history":[{"count":5,"href":"https:\/\/jjcardinal.ca\/en\/wp-json\/wp\/v2\/posts\/35308\/revisions"}],"predecessor-version":[{"id":35395,"href":"https:\/\/jjcardinal.ca\/en\/wp-json\/wp\/v2\/posts\/35308\/revisions\/35395"}],"wp:featuredmedia":[{"embeddable":true,"href":"https:\/\/jjcardinal.ca\/en\/wp-json\/wp\/v2\/media\/35306"}],"wp:attachment":[{"href":"https:\/\/jjcardinal.ca\/en\/wp-json\/wp\/v2\/media?parent=35308"}],"wp:term":[{"taxonomy":"category","embeddable":true,"href":"https:\/\/jjcardinal.ca\/en\/wp-json\/wp\/v2\/categories?post=35308"},{"taxonomy":"post_tag","embeddable":true,"href":"https:\/\/jjcardinal.ca\/en\/wp-json\/wp\/v2\/tags?post=35308"}],"curies":[{"name":"wp","href":"https:\/\/api.w.org\/{rel}","templated":true}]}}