{"id":37728,"date":"2026-09-01T09:40:56","date_gmt":"2026-09-01T13:40:56","guid":{"rendered":"https:\/\/jjcardinal.ca\/m-gaetan-charlebois\/"},"modified":"2026-09-01T09:42:36","modified_gmt":"2026-09-01T13:42:36","slug":"m-gaetan-charlebois","status":"publish","type":"post","link":"https:\/\/jjcardinal.ca\/en\/m-gaetan-charlebois\/","title":{"rendered":"Mr. Ga\u00e9tan Charlebois"},"content":{"rendered":"<p>1933 &#8211; 2026<\/p>\n<p>C&#8217;est avec tristesse que nous annon\u00e7ons le d\u00e9c\u00e8s de M. Ga\u00e9tan Charlebois (feu Pauline Gagnon) le 24 ao\u00fbt 2026 \u00e0 l&#8217;\u00e2ge de 93 ans.<\/p>\n<p>Il laisse dans le deuil ses enfants Denis (Johanne) et Paul Yvon (Suzanne), ses petits-enfants (Jonathan, Catherine, Maxime, et Marjorie), son arri\u00e8re-petit-fils Tristan, sa s\u0153ur Suzanne, ainsi que de nombreux parents et amis.<\/p>\n<p>La famille recevra les condol\u00e9ances le 20 septembre \u00e0 compter de 14h suivi de la c\u00e9r\u00e9monie \u00e0 15h en la chapelle de la r\u00e9sidence J.J. Cardinal (2125, rue Notre-Dame, Lachine, H8S2G5) .<\/p>\n<p>&nbsp;<\/p>\n<p>La famille tient \u00e0 remercier les membres du personnel de l&#8217;h\u00f4pital Lasalle et l&#8217;h\u00f4pital mont Sina\u00ef pour leurs bons soins, leur d\u00e9vouement et leur temps.<\/p>\n<p>&nbsp;<\/p>\n<p><strong>R\u00c9SIDENCE FUN\u00c9RAIRE J.J. CARDINAL<\/strong><\/p>\n<p>2125, rue Notre-Dame, Lachine (Qu\u00e9bec)\u00a0H8S 2G5<\/p>\n<p>T\u00e9l. :\u00a0514-639-1511\u00a0|\u00a0T\u00e9l\u00e9c. :\u00a0514-639-1516\u00a0|\u00a0Courriel :\u00a0<a title=\"info@jjcardinal.ca\" href=\"mailto:info@jjcardinal.ca\">info@jjcardinal.ca<\/a><\/p>\n<p><a title=\"Indications routi\u00e8res\" href=\"https:\/\/goo.gl\/maps\/6TF2f\" target=\"_blank\" rel=\"noopener\">Indications routi\u00e8res<\/a>\u00a0|\u00a0<a title=\"Pr\u00e9visions m\u00e9t\u00e9orologiques\" href=\"http:\/\/www.meteomedia.com\/weather\/caqc0281\" target=\"_blank\" rel=\"noopener\">Pr\u00e9visions m\u00e9t\u00e9orologiques<\/a><\/p>\n","protected":false},"excerpt":{"rendered":"<p>1933 &#8211; 2026 C&#8217;est avec tristesse que nous annon\u00e7ons le d\u00e9c\u00e8s de M. Ga\u00e9tan Charlebois (feu Pauline Gagnon) le 24 ao\u00fbt 2026 \u00e0 l&#8217;\u00e2ge de 93 ans. Il laisse dans le deuil ses enfants Denis (Johanne) et Paul Yvon (Suzanne), ses petits-enfants (Jonathan, Catherine, Maxime, et Marjorie), son arri\u00e8re-petit-fils Tristan, sa s\u0153ur Suzanne, ainsi que [&hellip;]<\/p>\n","protected":false},"author":58,"featured_media":37726,"comment_status":"open","ping_status":"open","sticky":false,"template":"","format":"standard","meta":{"_seopress_titles_title":"","_seopress_titles_desc":"","_seopress_robots_index":"","_seopress_robots_follow":"","_seopress_robots_imageindex":"","_seopress_robots_snippet":"","_seopress_robots_primary_cat":"","_seopress_robots_breadcrumbs":"","_seopress_robots_freeze_modified_date":"","_seopress_robots_custom_modified_date":"","_seopress_robots_canonical":"","_seopress_social_fb_title":"","_seopress_social_fb_desc":"","_seopress_social_fb_img":"","_seopress_social_fb_img_attachment_id":0,"_seopress_social_fb_img_width":0,"_seopress_social_fb_img_height":0,"_seopress_social_twitter_title":"","_seopress_social_twitter_desc":"","_seopress_social_twitter_img":"","_seopress_social_twitter_img_attachment_id":0,"_seopress_social_twitter_img_width":0,"_seopress_social_twitter_img_height":0,"_seopress_redirections_value":"","_seopress_redirections_enabled":"","_seopress_redirections_enabled_regex":"","_seopress_redirections_logged_status":"","_seopress_redirections_param":"","_seopress_redirections_type":0,"_seopress_analysis_target_kw":"","_seopress_news_disabled":"","_seopress_video_disabled":"","_seopress_video":[],"_seopress_pro_schemas_manual":[],"_seopress_pro_rich_snippets_disable_all":"","_seopress_pro_rich_snippets_disable":[],"_seopress_pro_schemas":[],"footnotes":""},"categories":[68],"tags":[],"class_list":["post-37728","post","type-post","status-publish","format-standard","has-post-thumbnail","hentry","category-obituaries"],"_links":{"self":[{"href":"https:\/\/jjcardinal.ca\/en\/wp-json\/wp\/v2\/posts\/37728","targetHints":{"allow":["GET"]}}],"collection":[{"href":"https:\/\/jjcardinal.ca\/en\/wp-json\/wp\/v2\/posts"}],"about":[{"href":"https:\/\/jjcardinal.ca\/en\/wp-json\/wp\/v2\/types\/post"}],"author":[{"embeddable":true,"href":"https:\/\/jjcardinal.ca\/en\/wp-json\/wp\/v2\/users\/58"}],"replies":[{"embeddable":true,"href":"https:\/\/jjcardinal.ca\/en\/wp-json\/wp\/v2\/comments?post=37728"}],"version-history":[{"count":2,"href":"https:\/\/jjcardinal.ca\/en\/wp-json\/wp\/v2\/posts\/37728\/revisions"}],"predecessor-version":[{"id":37730,"href":"https:\/\/jjcardinal.ca\/en\/wp-json\/wp\/v2\/posts\/37728\/revisions\/37730"}],"wp:featuredmedia":[{"embeddable":true,"href":"https:\/\/jjcardinal.ca\/en\/wp-json\/wp\/v2\/media\/37726"}],"wp:attachment":[{"href":"https:\/\/jjcardinal.ca\/en\/wp-json\/wp\/v2\/media?parent=37728"}],"wp:term":[{"taxonomy":"category","embeddable":true,"href":"https:\/\/jjcardinal.ca\/en\/wp-json\/wp\/v2\/categories?post=37728"},{"taxonomy":"post_tag","embeddable":true,"href":"https:\/\/jjcardinal.ca\/en\/wp-json\/wp\/v2\/tags?post=37728"}],"curies":[{"name":"wp","href":"https:\/\/api.w.org\/{rel}","templated":true}]}}