{"id":37743,"date":"2026-09-01T10:09:34","date_gmt":"2026-09-01T14:09:34","guid":{"rendered":"https:\/\/jjcardinal.ca\/m-yvon-pregent\/"},"modified":"2026-09-01T10:43:47","modified_gmt":"2026-09-01T14:43:47","slug":"m-yvon-pregent","status":"publish","type":"post","link":"https:\/\/jjcardinal.ca\/en\/m-yvon-pregent\/","title":{"rendered":"Mr. Yvon Pr\u00e9gent"},"content":{"rendered":"<h3><strong>1951 &#8211; 2026<\/strong><\/h3>\n<p>\u00c0 l&#8217;h\u00f4pital g\u00e9n\u00e9ral de Montr\u00e9al, le 21 ao\u00fbt 2026, est d\u00e9c\u00e9d\u00e9 \u00e0 l&#8217;\u00e2ge de 75 ans M. Yvon Pr\u00e9gent, \u00e9poux de Mme C\u00e9line Chiasson.<\/p>\n<p>Il laisse dans le deuil ses fr\u00e8res Ga\u00e9tan et Pierre et sa s\u0153ur, Sylvie.<\/p>\n<p>La famille recevra les condol\u00e9ances le 12 septembre 2026, de 12h \u00e0 16h \u00e0 la r\u00e9sidence fun\u00e9raire J.J. Cardinal, 2125 rue Notre-Dame, Lachine.<\/p>\n<p><strong>R\u00c9SIDENCE FUN\u00c9RAIRE J.J. CARDINAL<\/strong><\/p>\n<p>2125, rue Notre-Dame, Lachine (Qu\u00e9bec)\u00a0H8S 2G5<\/p>\n<p>T\u00e9l. :\u00a0514-639-1511\u00a0|\u00a0T\u00e9l\u00e9c. :\u00a0514-639-1516\u00a0|\u00a0Courriel :\u00a0<a title=\"info@jjcardinal.ca\" href=\"mailto:info@jjcardinal.ca\">info@jjcardinal.ca<\/a><\/p>\n<p><a title=\"Indications routi\u00e8res\" href=\"https:\/\/goo.gl\/maps\/6TF2f\" target=\"_blank\" rel=\"noopener\">Indications routi\u00e8res<\/a>\u00a0|\u00a0<a title=\"Pr\u00e9visions m\u00e9t\u00e9orologiques\" href=\"http:\/\/www.meteomedia.com\/weather\/caqc0281\" target=\"_blank\" rel=\"noopener\">Pr\u00e9visions m\u00e9t\u00e9orologiques<\/a><\/p>\n","protected":false},"excerpt":{"rendered":"<p>1951 &#8211; 2026 \u00c0 l&#8217;h\u00f4pital g\u00e9n\u00e9ral de Montr\u00e9al, le 21 ao\u00fbt 2026, est d\u00e9c\u00e9d\u00e9 \u00e0 l&#8217;\u00e2ge de 75 ans M. Yvon Pr\u00e9gent, \u00e9poux de Mme C\u00e9line Chiasson. Il laisse dans le deuil ses fr\u00e8res Ga\u00e9tan et Pierre et sa s\u0153ur, Sylvie. La famille recevra les condol\u00e9ances le 12 septembre 2026, de 12h \u00e0 16h \u00e0 [&hellip;]<\/p>\n","protected":false},"author":58,"featured_media":37739,"comment_status":"open","ping_status":"open","sticky":false,"template":"","format":"standard","meta":{"_seopress_titles_title":"","_seopress_titles_desc":"","_seopress_robots_index":"","_seopress_robots_follow":"","_seopress_robots_imageindex":"","_seopress_robots_snippet":"","_seopress_robots_primary_cat":"","_seopress_robots_breadcrumbs":"","_seopress_robots_freeze_modified_date":"","_seopress_robots_custom_modified_date":"","_seopress_robots_canonical":"","_seopress_social_fb_title":"","_seopress_social_fb_desc":"","_seopress_social_fb_img":"","_seopress_social_fb_img_attachment_id":0,"_seopress_social_fb_img_width":0,"_seopress_social_fb_img_height":0,"_seopress_social_twitter_title":"","_seopress_social_twitter_desc":"","_seopress_social_twitter_img":"","_seopress_social_twitter_img_attachment_id":0,"_seopress_social_twitter_img_width":0,"_seopress_social_twitter_img_height":0,"_seopress_redirections_value":"","_seopress_redirections_enabled":"","_seopress_redirections_enabled_regex":"","_seopress_redirections_logged_status":"","_seopress_redirections_param":"","_seopress_redirections_type":0,"_seopress_analysis_target_kw":"","_seopress_news_disabled":"","_seopress_video_disabled":"","_seopress_video":[],"_seopress_pro_schemas_manual":[],"_seopress_pro_rich_snippets_disable_all":"","_seopress_pro_rich_snippets_disable":[],"_seopress_pro_schemas":[],"footnotes":""},"categories":[68],"tags":[],"class_list":["post-37743","post","type-post","status-publish","format-standard","has-post-thumbnail","hentry","category-obituaries"],"_links":{"self":[{"href":"https:\/\/jjcardinal.ca\/en\/wp-json\/wp\/v2\/posts\/37743","targetHints":{"allow":["GET"]}}],"collection":[{"href":"https:\/\/jjcardinal.ca\/en\/wp-json\/wp\/v2\/posts"}],"about":[{"href":"https:\/\/jjcardinal.ca\/en\/wp-json\/wp\/v2\/types\/post"}],"author":[{"embeddable":true,"href":"https:\/\/jjcardinal.ca\/en\/wp-json\/wp\/v2\/users\/58"}],"replies":[{"embeddable":true,"href":"https:\/\/jjcardinal.ca\/en\/wp-json\/wp\/v2\/comments?post=37743"}],"version-history":[{"count":1,"href":"https:\/\/jjcardinal.ca\/en\/wp-json\/wp\/v2\/posts\/37743\/revisions"}],"predecessor-version":[{"id":37744,"href":"https:\/\/jjcardinal.ca\/en\/wp-json\/wp\/v2\/posts\/37743\/revisions\/37744"}],"wp:featuredmedia":[{"embeddable":true,"href":"https:\/\/jjcardinal.ca\/en\/wp-json\/wp\/v2\/media\/37739"}],"wp:attachment":[{"href":"https:\/\/jjcardinal.ca\/en\/wp-json\/wp\/v2\/media?parent=37743"}],"wp:term":[{"taxonomy":"category","embeddable":true,"href":"https:\/\/jjcardinal.ca\/en\/wp-json\/wp\/v2\/categories?post=37743"},{"taxonomy":"post_tag","embeddable":true,"href":"https:\/\/jjcardinal.ca\/en\/wp-json\/wp\/v2\/tags?post=37743"}],"curies":[{"name":"wp","href":"https:\/\/api.w.org\/{rel}","templated":true}]}}