{"id":5956,"date":"2018-01-29T14:11:24","date_gmt":"2018-01-29T19:11:24","guid":{"rendered":"http:\/\/www.jjcardinal.ca\/?p=5956"},"modified":"2019-05-30T16:52:44","modified_gmt":"2019-05-30T20:52:44","slug":"mrs-louise-lecompte-nee-dobie","status":"publish","type":"post","link":"https:\/\/jjcardinal.ca\/en\/mrs-louise-lecompte-nee-dobie\/","title":{"rendered":"Mrs Louise Lecompte n\u00e9e Dobie"},"content":{"rendered":"<p><strong>Passed away \u00a0on\u00a0January 29th, 2018\u00a0 at the age of\u00a069 years old<\/strong><\/p>\n<hr \/>\n<div class=\"texte\">\n<section class=\"col-md-8 content-avis-deces\">\n<div class=\"texte\">\n<p>Le 29 janvier 2018, \u00e0 l\u2019\u00e2ge de 69 ans est d\u00e9c\u00e9d\u00e9e Mme Louise Dobie \u00e9pouse de M. Robert Lecompte.<\/p>\n<p>Outre son \u00e9poux, elle laisse dans le deuil sa fille Caroline (Pierre), son fils Marc-Andr\u00e9 (V\u00e9ronique), ses petits-enfants William, Laurie-Anne et Audrey, ses fr\u00e8res et s\u0153urs Robert (Sheila), Ronald (H\u00e9l\u00e8ne), Carole (Donald) et Johanne, sa belle-s\u0153ur Ginette ainsi que plusieurs parents et amis.<\/p>\n<p>La famille recevra les condol\u00e9ance samedi le 3 f\u00e9vrier de 12h \u00e0 17h \u00e0 la R\u00e9sidence Fun\u00e9raire J.J. Cardinal (2125, Notre-Dame, Lachine, 514-631-1511). Les fun\u00e9railles suivront en la chapelle de la r\u00e9sidence \u00e0 17h.<\/p>\n<\/div>\n<div class=\"spacing-top-40px\">\n<h3>R\u00c9SIDENCE FUN\u00c9RAIRE J.J. CARDINAL<\/h3>\n<p>2125, rue Notre-Dame, Lachine (Qu\u00e9bec)\u00a0\u00a0H8S 2G5<\/p>\n<p>Tel.:\u00a0514-639-1511\u00a0|\u00a0Fax:\u00a0514-639-1516\u00a0|\u00a0Email:\u00a0<a href=\"mailto:info@jjcardinal.ca\">info@jjcardinal.ca<\/a><\/p>\n<p class=\"links\"><a href=\"http:\/\/goo.gl\/maps\/6TF2f\" target=\"_blank\" rel=\"noopener\">Driving directions<\/a>\u00a0|\u00a0<a href=\"http:\/\/www.meteomedia.com\/weather\/caqc0281\" target=\"_blank\" rel=\"noopener\">Weather forecasts<\/a><\/p>\n<\/div>\n<\/section>\n<aside class=\"col-md-4\">\n<div class=\"photo-deces visible-md visible-lg\">\n<div class=\"box-image\"><\/div>\n<\/div>\n<\/aside>\n<\/div>\n<div class=\"spacing-top-40px\"><\/div>\n","protected":false},"excerpt":{"rendered":"<p>Passed away \u00a0on\u00a0January 29th, 2018\u00a0 at the age of\u00a069 years old Le 29 janvier 2018, \u00e0 l\u2019\u00e2ge de 69 ans est d\u00e9c\u00e9d\u00e9e Mme Louise Dobie \u00e9pouse de M. Robert Lecompte. Outre son \u00e9poux, elle laisse dans le deuil sa fille Caroline (Pierre), son fils Marc-Andr\u00e9 (V\u00e9ronique), ses petits-enfants William, Laurie-Anne et Audrey, ses fr\u00e8res et [&hellip;]<\/p>\n","protected":false},"author":58,"featured_media":2059,"comment_status":"open","ping_status":"open","sticky":false,"template":"","format":"standard","meta":{"_seopress_robots_primary_cat":"","_seopress_titles_title":"","_seopress_titles_desc":"","_seopress_robots_index":"","footnotes":""},"categories":[68],"tags":[],"class_list":["post-5956","post","type-post","status-publish","format-standard","has-post-thumbnail","hentry","category-obituaries"],"_links":{"self":[{"href":"https:\/\/jjcardinal.ca\/en\/wp-json\/wp\/v2\/posts\/5956","targetHints":{"allow":["GET"]}}],"collection":[{"href":"https:\/\/jjcardinal.ca\/en\/wp-json\/wp\/v2\/posts"}],"about":[{"href":"https:\/\/jjcardinal.ca\/en\/wp-json\/wp\/v2\/types\/post"}],"author":[{"embeddable":true,"href":"https:\/\/jjcardinal.ca\/en\/wp-json\/wp\/v2\/users\/58"}],"replies":[{"embeddable":true,"href":"https:\/\/jjcardinal.ca\/en\/wp-json\/wp\/v2\/comments?post=5956"}],"version-history":[{"count":0,"href":"https:\/\/jjcardinal.ca\/en\/wp-json\/wp\/v2\/posts\/5956\/revisions"}],"wp:featuredmedia":[{"embeddable":true,"href":"https:\/\/jjcardinal.ca\/en\/wp-json\/wp\/v2\/media\/2059"}],"wp:attachment":[{"href":"https:\/\/jjcardinal.ca\/en\/wp-json\/wp\/v2\/media?parent=5956"}],"wp:term":[{"taxonomy":"category","embeddable":true,"href":"https:\/\/jjcardinal.ca\/en\/wp-json\/wp\/v2\/categories?post=5956"},{"taxonomy":"post_tag","embeddable":true,"href":"https:\/\/jjcardinal.ca\/en\/wp-json\/wp\/v2\/tags?post=5956"}],"curies":[{"name":"wp","href":"https:\/\/api.w.org\/{rel}","templated":true}]}}