{"id":5994,"date":"2018-02-08T14:54:54","date_gmt":"2018-02-08T19:54:54","guid":{"rendered":"http:\/\/www.jjcardinal.ca\/?p=5994"},"modified":"2019-05-30T16:53:58","modified_gmt":"2019-05-30T20:53:58","slug":"mr-yves-cote","status":"publish","type":"post","link":"https:\/\/jjcardinal.ca\/en\/mr-yves-cote\/","title":{"rendered":"Mr. Yves C\u00f4t\u00e9"},"content":{"rendered":"<p class=\"date-deces\"><strong>Passed away \u00a0on\u00a0February 8th, 2018\u00a0 at the age of\u00a092 years old<\/strong><\/p>\n<hr \/>\n<div class=\"texte\">\n<div class=\"texte\">\n<p>Yves C\u00f4t\u00e9<\/p>\n<p>Montr\u00e9al\/Dorval<br \/>\n1925 \u2013 2018<\/p>\n<p>Le 8 f\u00e9vrier 2018, est d\u00e9c\u00e9d\u00e9 \u00e0 l\u2019\u00e2ge de 92 ans Yves C\u00f4t\u00e9, dentiste \u00e0 la retraite ayant exerc\u00e9 \u00e0 Dorval.<\/p>\n<p>Il \u00e9tait l\u2019\u00e9poux de feu Agathe Dudemaine, puis de feu Janine Beauchamp. Il laisse dans le deuil ses enfants Jean-Pierre (Louise), Lucie (Jacques), Louise (Claude), Marie (Philippe) et 6 petits-enfants.<\/p>\n<p>La famille recevra vos condol\u00e9ances samedi 17 f\u00e9vrier de 13h \u00e0 15h, \u00e0 la R\u00e9sidence fun\u00e9raire J.J. Cardinal \u00e0 Dorval, 560 Lakeshore Dr, Dorval (Qu\u00e9bec) H9S 2B3, 514-631-1511.<\/p>\n<p>Si vous le d\u00e9sirez, vos marques de sympathie peuvent se traduire par des dons \u00e0 la Maison Jolivie-Action int\u00e9gration en d\u00e9ficience intellectuelle. (www.actionintegration.org)<\/p>\n<\/div>\n<div class=\"spacing-top-40px\">\n<h3>R\u00c9SIDENCE FUN\u00c9RAIRE J.J. CARDINAL<\/h3>\n<p>560, chemin Bord du Lac, Dorval (Qu\u00e9bec)\u00a0\u00a0H9S 2B3<\/p>\n<p>Tel.:\u00a0514-631-1511\u00a0|\u00a0Fax:\u00a0514-631-1516\u00a0|\u00a0Email:\u00a0<a href=\"mailto:info@jjcardinal.ca\">info@jjcardinal.ca<\/a><\/p>\n<p class=\"links\"><a href=\"http:\/\/goo.gl\/maps\/XzRHS\" target=\"_blank\" rel=\"noopener\">Driving directions<\/a><\/p>\n<\/div>\n<\/div>\n<div class=\"spacing-top-40px\"><\/div>\n","protected":false},"excerpt":{"rendered":"<p>Passed away \u00a0on\u00a0February 8th, 2018\u00a0 at the age of\u00a092 years old Yves C\u00f4t\u00e9 Montr\u00e9al\/Dorval 1925 \u2013 2018 Le 8 f\u00e9vrier 2018, est d\u00e9c\u00e9d\u00e9 \u00e0 l\u2019\u00e2ge de 92 ans Yves C\u00f4t\u00e9, dentiste \u00e0 la retraite ayant exerc\u00e9 \u00e0 Dorval. Il \u00e9tait l\u2019\u00e9poux de feu Agathe Dudemaine, puis de feu Janine Beauchamp. Il laisse dans le deuil [&hellip;]<\/p>\n","protected":false},"author":58,"featured_media":2109,"comment_status":"open","ping_status":"open","sticky":false,"template":"","format":"standard","meta":{"_seopress_robots_primary_cat":"","_seopress_titles_title":"","_seopress_titles_desc":"","_seopress_robots_index":"","footnotes":""},"categories":[68],"tags":[],"class_list":["post-5994","post","type-post","status-publish","format-standard","has-post-thumbnail","hentry","category-obituaries"],"_links":{"self":[{"href":"https:\/\/jjcardinal.ca\/en\/wp-json\/wp\/v2\/posts\/5994","targetHints":{"allow":["GET"]}}],"collection":[{"href":"https:\/\/jjcardinal.ca\/en\/wp-json\/wp\/v2\/posts"}],"about":[{"href":"https:\/\/jjcardinal.ca\/en\/wp-json\/wp\/v2\/types\/post"}],"author":[{"embeddable":true,"href":"https:\/\/jjcardinal.ca\/en\/wp-json\/wp\/v2\/users\/58"}],"replies":[{"embeddable":true,"href":"https:\/\/jjcardinal.ca\/en\/wp-json\/wp\/v2\/comments?post=5994"}],"version-history":[{"count":0,"href":"https:\/\/jjcardinal.ca\/en\/wp-json\/wp\/v2\/posts\/5994\/revisions"}],"wp:featuredmedia":[{"embeddable":true,"href":"https:\/\/jjcardinal.ca\/en\/wp-json\/wp\/v2\/media\/2109"}],"wp:attachment":[{"href":"https:\/\/jjcardinal.ca\/en\/wp-json\/wp\/v2\/media?parent=5994"}],"wp:term":[{"taxonomy":"category","embeddable":true,"href":"https:\/\/jjcardinal.ca\/en\/wp-json\/wp\/v2\/categories?post=5994"},{"taxonomy":"post_tag","embeddable":true,"href":"https:\/\/jjcardinal.ca\/en\/wp-json\/wp\/v2\/tags?post=5994"}],"curies":[{"name":"wp","href":"https:\/\/api.w.org\/{rel}","templated":true}]}}