{"id":6004,"date":"2018-02-09T15:02:52","date_gmt":"2018-02-09T20:02:52","guid":{"rendered":"http:\/\/www.jjcardinal.ca\/?p=6004"},"modified":"2019-05-30T16:54:11","modified_gmt":"2019-05-30T20:54:11","slug":"mrs-angeline-rousseau-angeline-nee-pane","status":"publish","type":"post","link":"https:\/\/jjcardinal.ca\/en\/mrs-angeline-rousseau-angeline-nee-pane\/","title":{"rendered":"Mrs Ang\u00e9line ROUSSEAU, Ang\u00e9line (n\u00e9e Pane)"},"content":{"rendered":"<p><strong>Passed away \u00a0on\u00a0February 9th, 2018\u00a0 at the age of\u00a090 years old<\/strong><\/p>\n<hr \/>\n<div class=\"texte\">\n<div class=\"texte\">\n<p>Au CHUM, le 9 f\u00e9vrier dernier, est d\u00e9c\u00e9d\u00e9e paisiblement \u00e0 l\u2019\u00e2ge de 90 ans Ang\u00e9line Rousseau (n\u00e9e Pane), \u00e9pouse de feu R\u00e9mi Rousseau.<\/p>\n<p>Elle laisse dans le deuil ses enfants Lise (R\u00e9jean), H\u00e9l\u00e8ne (Normand), Pierre (Suzie), ses petits-enfants Karina, S\u00e9bastien, Nicolas, Pascal, Marie-Mich\u00e8le, Dominique, Catherine et ses sept arri\u00e8re-petits-enfants. Elle laisse aussi dans le deuil sa s\u0153ur Carmen ainsi que plusieurs autres parents et amis.<\/p>\n<p>La famille vous accueillera le dimanche 18 f\u00e9vrier de 14h \u00e0 17h et de 19h \u00e0 21h et le lundi 19 f\u00e9vrier d\u00e8s 9h \u00e0 la :<br \/>\nR\u00e9sidence fun\u00e9raire J.J. Cardinal<br \/>\n2125, Notre-Dame, Lachine, H8S 2G5<\/p>\n<p>Les fun\u00e9railles auront lieu \u00e0 10h30 en l\u2019\u00e9glise des Saints-Anges de Lachine au 1400, boulevard St-Joseph \u00e0 Lachine.<\/p>\n<p>Au lieu de fleurs, votre t\u00e9moignage de sympathie peut se traduire par un don au d\u00e9partement des soins palliatifs du CHUM ou \u00e0 la Fondation des maladies du c\u0153ur et de l\u2019AVC.<\/p>\n<p>La famille tient aussi \u00e0 remercier chaleureusement tout le personnel des soins palliatifs du nouveau CHUM pour le soutien et les bons soins prodigu\u00e9s<\/p>\n<\/div>\n<h3 class=\"menu-action-bar\">DONATE<\/h3>\n<p class=\"menu-action-bar\">&#8211;\u00a0<a href=\"https:\/\/hsf.donorportal.ca\/Donation\/Donation.aspx?F=1773&amp;T=GENER&amp;L=en-CA&amp;G=328&amp;NFP=1;T=GENER&amp;CURL=yend&amp;CURL=yend&amp;CURL=yend\" target=\"_blank\" rel=\"noopener\">Heart and Stroke Foundation, Quebec<\/a><br \/>\n&#8211;\u00a0<a href=\"https:\/\/www.imakeanonlinedonation.org\/fondationduchum\/DIM\/\" target=\"_blank\" rel=\"noopener\">St-Luc Hospital Foundation (CHUM)<\/a><\/p>\n<div class=\"spacing-top-40px\">\n<h3>R\u00c9SIDENCE FUN\u00c9RAIRE J.J. CARDINAL<\/h3>\n<p>2125, rue Notre-Dame, Lachine (Qu\u00e9bec)\u00a0\u00a0H8S 2G5<\/p>\n<p>Tel.:\u00a0514-639-1511\u00a0|\u00a0Fax:\u00a0514-639-1516\u00a0|\u00a0Email:\u00a0<a href=\"mailto:info@jjcardinal.ca\">info@jjcardinal.ca<\/a><\/p>\n<p class=\"links\"><a href=\"http:\/\/goo.gl\/maps\/6TF2f\" target=\"_blank\" rel=\"noopener\">Driving directions<\/a>\u00a0|\u00a0<a href=\"http:\/\/www.meteomedia.com\/weather\/caqc0281\" target=\"_blank\" rel=\"noopener\">Weather forecasts<\/a><\/p>\n<\/div>\n<\/div>\n<div class=\"spacing-top-40px\"><\/div>\n","protected":false},"excerpt":{"rendered":"<p>Passed away \u00a0on\u00a0February 9th, 2018\u00a0 at the age of\u00a090 years old Au CHUM, le 9 f\u00e9vrier dernier, est d\u00e9c\u00e9d\u00e9e paisiblement \u00e0 l\u2019\u00e2ge de 90 ans Ang\u00e9line Rousseau (n\u00e9e Pane), \u00e9pouse de feu R\u00e9mi Rousseau. Elle laisse dans le deuil ses enfants Lise (R\u00e9jean), H\u00e9l\u00e8ne (Normand), Pierre (Suzie), ses petits-enfants Karina, S\u00e9bastien, Nicolas, Pascal, Marie-Mich\u00e8le, Dominique, [&hellip;]<\/p>\n","protected":false},"author":58,"featured_media":2121,"comment_status":"open","ping_status":"open","sticky":false,"template":"","format":"standard","meta":{"_seopress_robots_primary_cat":"","_seopress_titles_title":"","_seopress_titles_desc":"","_seopress_robots_index":"","footnotes":""},"categories":[68],"tags":[],"class_list":["post-6004","post","type-post","status-publish","format-standard","has-post-thumbnail","hentry","category-obituaries"],"_links":{"self":[{"href":"https:\/\/jjcardinal.ca\/en\/wp-json\/wp\/v2\/posts\/6004","targetHints":{"allow":["GET"]}}],"collection":[{"href":"https:\/\/jjcardinal.ca\/en\/wp-json\/wp\/v2\/posts"}],"about":[{"href":"https:\/\/jjcardinal.ca\/en\/wp-json\/wp\/v2\/types\/post"}],"author":[{"embeddable":true,"href":"https:\/\/jjcardinal.ca\/en\/wp-json\/wp\/v2\/users\/58"}],"replies":[{"embeddable":true,"href":"https:\/\/jjcardinal.ca\/en\/wp-json\/wp\/v2\/comments?post=6004"}],"version-history":[{"count":0,"href":"https:\/\/jjcardinal.ca\/en\/wp-json\/wp\/v2\/posts\/6004\/revisions"}],"wp:featuredmedia":[{"embeddable":true,"href":"https:\/\/jjcardinal.ca\/en\/wp-json\/wp\/v2\/media\/2121"}],"wp:attachment":[{"href":"https:\/\/jjcardinal.ca\/en\/wp-json\/wp\/v2\/media?parent=6004"}],"wp:term":[{"taxonomy":"category","embeddable":true,"href":"https:\/\/jjcardinal.ca\/en\/wp-json\/wp\/v2\/categories?post=6004"},{"taxonomy":"post_tag","embeddable":true,"href":"https:\/\/jjcardinal.ca\/en\/wp-json\/wp\/v2\/tags?post=6004"}],"curies":[{"name":"wp","href":"https:\/\/api.w.org\/{rel}","templated":true}]}}