{"id":6044,"date":"2019-05-11T16:14:25","date_gmt":"2019-05-11T20:14:25","guid":{"rendered":"http:\/\/www.jjcardinal.ca\/?p=6044"},"modified":"2019-05-30T17:04:05","modified_gmt":"2019-05-30T21:04:05","slug":"mrs-yvette-roy-nee-blanchet","status":"publish","type":"post","link":"https:\/\/jjcardinal.ca\/en\/mrs-yvette-roy-nee-blanchet\/","title":{"rendered":"Mrs Yvette Roy (n\u00e9e Blanchet)"},"content":{"rendered":"<p class=\"date-deces\"><strong>Passed away \u00a0on\u00a0May 11th, 2019\u00a0 at the age of\u00a097 years old<\/strong><\/p>\n<hr \/>\n<div class=\"menu-action-bar\">\n<div class=\"texte\">\n<div class=\"texte\">\n<p>Entour\u00e9e de sa famille et paisiblement, Yvette Blanchet est d\u00e9c\u00e9d\u00e9e \u00e0 l\u2019\u00e2ge de 97 ans, le 11 mai 2019, apr\u00e8s une vie bien remplie et combl\u00e9e d\u2019amour.<\/p>\n<p>Pr\u00e9d\u00e9c\u00e9d\u00e9e de son premier mari, feu Louis Roy, et de son second \u00e9poux, feu Jacques Le Comte, elle laisse dans le deuil ses enfants; Louise, Henri (Diane Morin), Pierre (Nancy Morrison), Pierrette (Ian Macpherson) et Georges (Roxane Scheler), ses petits-enfants; S\u00e9bastien (Nadja), Olivier (Maria), Patrick (Beth), Andrea (Daniel), Vincent (Cait), Caroline, Gabrielle (Michael), Matthew (Andreia), David, William, Marc-Antoine, Vincent ainsi que ses petits-enfants par alliance Jeff et Tanya. Yvette \u00e9tait l\u2019arri\u00e8re-grand-m\u00e8re ador\u00e9e de Annina, Mia, Annabelle, \u00c9milie, Owen, Sophie, Madeleine, Margo, Lola, S\u00e9bastien, F\u00e9lix, Clara, Amelia, Leo et Henry.<\/p>\n<p>Elle laisse \u00e9galement son fr\u00e8re Gaston Blanchet, sa s\u0153ur Carmel Caron, sa belle-s\u0153ur H\u00e9l\u00e8ne Roy, ses belles-filles Louise Poirier et Manon Le Comte, leurs enfants, ainsi que plusieurs neveux et ni\u00e8ces, parents et amis.<\/p>\n<p>La famille tient \u00e0 remercier le personnel du Centre Le Savignon Signature de Lachine pour leur soutien et leurs bons soins.<\/p>\n<p>La famille recevra les condol\u00e9ances \u00e0 la R\u00e9sidence Fun\u00e9raire J.J. Cardinal (560, ch. Bord-du-Lac, Dorval, 514-631-1511, au www.jjcardinal.ca) samedi le 18 mai 2019 de 11h00 \u00e0 13h30, suivi d\u2019une c\u00e9r\u00e9monie \u00e0 14h00 en l\u2019\u00c9glise La Pr\u00e9sentation-de-la-Sainte-Vierge (665, Avenue de l\u2019\u00c9glise, Dorval). L\u2019inhumation des cendres suivra au Cimeti\u00e8re de Dorval, attenant \u00e0 l\u2019\u00e9glise.<\/p>\n<\/div>\n<div class=\"spacing-top-40px\">\n<h3>R\u00c9SIDENCE FUN\u00c9RAIRE J.J. CARDINAL<\/h3>\n<p>560, chemin Bord du Lac, Dorval (Qu\u00e9bec)\u00a0\u00a0H9S 2B3<\/p>\n<p>Tel.:\u00a0514-631-1511\u00a0|\u00a0Fax:\u00a0514-631-1516\u00a0|\u00a0Email:\u00a0<a href=\"mailto:info@jjcardinal.ca\">info@jjcardinal.ca<\/a><\/p>\n<\/div>\n<\/div>\n<div class=\"spacing-top-40px\"><\/div>\n<\/div>\n","protected":false},"excerpt":{"rendered":"<p>Passed away \u00a0on\u00a0May 11th, 2019\u00a0 at the age of\u00a097 years old Entour\u00e9e de sa famille et paisiblement, Yvette Blanchet est d\u00e9c\u00e9d\u00e9e \u00e0 l\u2019\u00e2ge de 97 ans, le 11 mai 2019, apr\u00e8s une vie bien remplie et combl\u00e9e d\u2019amour. Pr\u00e9d\u00e9c\u00e9d\u00e9e de son premier mari, feu Louis Roy, et de son second \u00e9poux, feu Jacques Le Comte, [&hellip;]<\/p>\n","protected":false},"author":1,"featured_media":5699,"comment_status":"open","ping_status":"open","sticky":false,"template":"","format":"standard","meta":{"_seopress_robots_primary_cat":"","_seopress_titles_title":"","_seopress_titles_desc":"","_seopress_robots_index":"","footnotes":""},"categories":[68],"tags":[],"class_list":["post-6044","post","type-post","status-publish","format-standard","has-post-thumbnail","hentry","category-obituaries"],"_links":{"self":[{"href":"https:\/\/jjcardinal.ca\/en\/wp-json\/wp\/v2\/posts\/6044","targetHints":{"allow":["GET"]}}],"collection":[{"href":"https:\/\/jjcardinal.ca\/en\/wp-json\/wp\/v2\/posts"}],"about":[{"href":"https:\/\/jjcardinal.ca\/en\/wp-json\/wp\/v2\/types\/post"}],"author":[{"embeddable":true,"href":"https:\/\/jjcardinal.ca\/en\/wp-json\/wp\/v2\/users\/1"}],"replies":[{"embeddable":true,"href":"https:\/\/jjcardinal.ca\/en\/wp-json\/wp\/v2\/comments?post=6044"}],"version-history":[{"count":0,"href":"https:\/\/jjcardinal.ca\/en\/wp-json\/wp\/v2\/posts\/6044\/revisions"}],"wp:featuredmedia":[{"embeddable":true,"href":"https:\/\/jjcardinal.ca\/en\/wp-json\/wp\/v2\/media\/5699"}],"wp:attachment":[{"href":"https:\/\/jjcardinal.ca\/en\/wp-json\/wp\/v2\/media?parent=6044"}],"wp:term":[{"taxonomy":"category","embeddable":true,"href":"https:\/\/jjcardinal.ca\/en\/wp-json\/wp\/v2\/categories?post=6044"},{"taxonomy":"post_tag","embeddable":true,"href":"https:\/\/jjcardinal.ca\/en\/wp-json\/wp\/v2\/tags?post=6044"}],"curies":[{"name":"wp","href":"https:\/\/api.w.org\/{rel}","templated":true}]}}