{"id":6510,"date":"2018-04-09T14:28:14","date_gmt":"2018-04-09T18:28:14","guid":{"rendered":"http:\/\/www.jjcardinal.ca\/?p=6510"},"modified":"2019-05-31T14:29:05","modified_gmt":"2019-05-31T18:29:05","slug":"mrs-eugenie-dudka-nee-ouellet","status":"publish","type":"post","link":"https:\/\/jjcardinal.ca\/en\/mrs-eugenie-dudka-nee-ouellet\/","title":{"rendered":"Mrs. Eug\u00e9nie Dudka n\u00e9e Ouellet"},"content":{"rendered":"<p><strong>Passed away \u00a0on\u00a0April 9th, 2018\u00a0 at the age of\u00a095 years old<\/strong><\/p>\n<hr \/>\n<div class=\"texte\">\n<div class=\"texte\">\n<p>Le 9 avril 2018, \u00e0 l\u2019\u00e2ge de 95 ans est d\u00e9c\u00e9d\u00e9e Mme Eug\u00e9nie Ouellet \u00e9pouse de feu M. Stephan Dudka.<\/p>\n<p>Elle laisse dans le deuil son fils Pierre ainsi qu\u2019autre parents et amis.<\/p>\n<p>La famille recevra les condol\u00e9ances \u00e0 la R\u00e9sidence Fun\u00e9raire J.J. Cardinal (2125 Notre Dame, Lachine) Vendredi le 13 avril d\u00e8s 9h30. Les fun\u00e9railles suivront en la chapelle de la R\u00e9sidence \u00e0 10h30.<\/p>\n<\/div>\n<div class=\"spacing-top-40px\">\n<h3>R\u00c9SIDENCE FUN\u00c9RAIRE J.J. CARDINAL<\/h3>\n<p>2125, rue Notre-Dame, Lachine (Qu\u00e9bec)\u00a0\u00a0H8S 2G5<\/p>\n<p>Tel.:\u00a0514-639-1511\u00a0|\u00a0Fax:\u00a0514-639-1516\u00a0|\u00a0Email:\u00a0<a href=\"mailto:info@jjcardinal.ca\">info@jjcardinal.ca<\/a><\/p>\n<p class=\"links\"><a href=\"http:\/\/goo.gl\/maps\/6TF2f\" target=\"_blank\" rel=\"noopener\">Driving directions<\/a>\u00a0|\u00a0<a href=\"http:\/\/www.meteomedia.com\/weather\/caqc0281\" target=\"_blank\" rel=\"noopener\">Weather forecasts<\/a><\/p>\n<\/div>\n<\/div>\n<div class=\"spacing-top-40px\"><\/div>\n","protected":false},"excerpt":{"rendered":"<p>Passed away \u00a0on\u00a0April 9th, 2018\u00a0 at the age of\u00a095 years old Le 9 avril 2018, \u00e0 l\u2019\u00e2ge de 95 ans est d\u00e9c\u00e9d\u00e9e Mme Eug\u00e9nie Ouellet \u00e9pouse de feu M. Stephan Dudka. Elle laisse dans le deuil son fils Pierre ainsi qu\u2019autre parents et amis. La famille recevra les condol\u00e9ances \u00e0 la R\u00e9sidence Fun\u00e9raire J.J. Cardinal [&hellip;]<\/p>\n","protected":false},"author":58,"featured_media":2621,"comment_status":"open","ping_status":"open","sticky":false,"template":"","format":"standard","meta":{"_seopress_robots_primary_cat":"","_seopress_titles_title":"","_seopress_titles_desc":"","_seopress_robots_index":"","footnotes":""},"categories":[68],"tags":[],"class_list":["post-6510","post","type-post","status-publish","format-standard","has-post-thumbnail","hentry","category-obituaries"],"_links":{"self":[{"href":"https:\/\/jjcardinal.ca\/en\/wp-json\/wp\/v2\/posts\/6510","targetHints":{"allow":["GET"]}}],"collection":[{"href":"https:\/\/jjcardinal.ca\/en\/wp-json\/wp\/v2\/posts"}],"about":[{"href":"https:\/\/jjcardinal.ca\/en\/wp-json\/wp\/v2\/types\/post"}],"author":[{"embeddable":true,"href":"https:\/\/jjcardinal.ca\/en\/wp-json\/wp\/v2\/users\/58"}],"replies":[{"embeddable":true,"href":"https:\/\/jjcardinal.ca\/en\/wp-json\/wp\/v2\/comments?post=6510"}],"version-history":[{"count":0,"href":"https:\/\/jjcardinal.ca\/en\/wp-json\/wp\/v2\/posts\/6510\/revisions"}],"wp:featuredmedia":[{"embeddable":true,"href":"https:\/\/jjcardinal.ca\/en\/wp-json\/wp\/v2\/media\/2621"}],"wp:attachment":[{"href":"https:\/\/jjcardinal.ca\/en\/wp-json\/wp\/v2\/media?parent=6510"}],"wp:term":[{"taxonomy":"category","embeddable":true,"href":"https:\/\/jjcardinal.ca\/en\/wp-json\/wp\/v2\/categories?post=6510"},{"taxonomy":"post_tag","embeddable":true,"href":"https:\/\/jjcardinal.ca\/en\/wp-json\/wp\/v2\/tags?post=6510"}],"curies":[{"name":"wp","href":"https:\/\/api.w.org\/{rel}","templated":true}]}}