{"id":6647,"date":"2018-05-13T15:49:48","date_gmt":"2018-05-13T19:49:48","guid":{"rendered":"http:\/\/www.jjcardinal.ca\/?p=6647"},"modified":"2019-05-31T15:51:08","modified_gmt":"2019-05-31T19:51:08","slug":"mrs-rejeanne-parenteau-nee-forcier","status":"publish","type":"post","link":"https:\/\/jjcardinal.ca\/en\/mrs-rejeanne-parenteau-nee-forcier\/","title":{"rendered":"Mrs R\u00e9jeanne Parenteau (n\u00e9e Forcier)"},"content":{"rendered":"<p><strong>Passed away \u00a0on\u00a0May 13th, 2018\u00a0 at the age of\u00a084 years old<\/strong><\/p>\n<hr \/>\n<div class=\"texte\">\n<div class=\"texte\">\n<p>Le 13 mai 2018, \u00e0 l\u2019\u00e2ge de 84 ans est d\u00e9c\u00e9d\u00e9e Mme R\u00e9jeanne Forcier, \u00e9pouse de M. Armand Parenteau.<\/p>\n<p>Outre son \u00e9poux, elle laisse dans le deuil ses deux fils Christian (Sylvie) et Alain (Annie) et ses petites-filles Florence et Corinne.<\/p>\n<p>Elle sera aussi manqu\u00e9e par ses fr\u00e8res et s\u0153urs L\u00e9opold (Florence), Yvon (No\u00eblla), Jeanne D\u2019arc (Th\u00e9obald) et Rita (Yvon) ainsi que plusieurs autres parents et amies.<\/p>\n<p>La famille recevra les condol\u00e9ances le samedi 19 mai 2018 \u00e0 la R\u00e9sidence fun\u00e9raire J.J. Cardinal de 10h \u00e0 12h et de 13h30 \u00e0 15h30. La c\u00e9r\u00e9monie en chapelle de la R\u00e9sidence suivra \u00e0 15h30.<\/p>\n<\/div>\n<div class=\"spacing-top-40px\">\n<h3>R\u00c9SIDENCE FUN\u00c9RAIRE J.J. CARDINAL<\/h3>\n<p>2125, rue Notre-Dame, Lachine (Qu\u00e9bec)\u00a0\u00a0H8S 2G5<\/p>\n<p>Tel.:\u00a0514-639-1511\u00a0|\u00a0Fax:\u00a0514-639-1516\u00a0|\u00a0Email:\u00a0<a href=\"mailto:info@jjcardinal.ca\">info@jjcardinal.ca<\/a><\/p>\n<p class=\"links\"><a href=\"http:\/\/goo.gl\/maps\/6TF2f\" target=\"_blank\" rel=\"noopener\">Driving directions<\/a>\u00a0|\u00a0<a href=\"http:\/\/www.meteomedia.com\/weather\/caqc0281\" target=\"_blank\" rel=\"noopener\">Weather forecasts<\/a><\/p>\n<\/div>\n<\/div>\n<div class=\"spacing-top-40px\"><\/div>\n","protected":false},"excerpt":{"rendered":"<p>Passed away \u00a0on\u00a0May 13th, 2018\u00a0 at the age of\u00a084 years old Le 13 mai 2018, \u00e0 l\u2019\u00e2ge de 84 ans est d\u00e9c\u00e9d\u00e9e Mme R\u00e9jeanne Forcier, \u00e9pouse de M. Armand Parenteau. Outre son \u00e9poux, elle laisse dans le deuil ses deux fils Christian (Sylvie) et Alain (Annie) et ses petites-filles Florence et Corinne. Elle sera aussi [&hellip;]<\/p>\n","protected":false},"author":58,"featured_media":2723,"comment_status":"open","ping_status":"open","sticky":false,"template":"","format":"standard","meta":{"_seopress_robots_primary_cat":"","_seopress_titles_title":"","_seopress_titles_desc":"","_seopress_robots_index":"","footnotes":""},"categories":[68],"tags":[],"class_list":["post-6647","post","type-post","status-publish","format-standard","has-post-thumbnail","hentry","category-obituaries"],"_links":{"self":[{"href":"https:\/\/jjcardinal.ca\/en\/wp-json\/wp\/v2\/posts\/6647","targetHints":{"allow":["GET"]}}],"collection":[{"href":"https:\/\/jjcardinal.ca\/en\/wp-json\/wp\/v2\/posts"}],"about":[{"href":"https:\/\/jjcardinal.ca\/en\/wp-json\/wp\/v2\/types\/post"}],"author":[{"embeddable":true,"href":"https:\/\/jjcardinal.ca\/en\/wp-json\/wp\/v2\/users\/58"}],"replies":[{"embeddable":true,"href":"https:\/\/jjcardinal.ca\/en\/wp-json\/wp\/v2\/comments?post=6647"}],"version-history":[{"count":0,"href":"https:\/\/jjcardinal.ca\/en\/wp-json\/wp\/v2\/posts\/6647\/revisions"}],"wp:featuredmedia":[{"embeddable":true,"href":"https:\/\/jjcardinal.ca\/en\/wp-json\/wp\/v2\/media\/2723"}],"wp:attachment":[{"href":"https:\/\/jjcardinal.ca\/en\/wp-json\/wp\/v2\/media?parent=6647"}],"wp:term":[{"taxonomy":"category","embeddable":true,"href":"https:\/\/jjcardinal.ca\/en\/wp-json\/wp\/v2\/categories?post=6647"},{"taxonomy":"post_tag","embeddable":true,"href":"https:\/\/jjcardinal.ca\/en\/wp-json\/wp\/v2\/tags?post=6647"}],"curies":[{"name":"wp","href":"https:\/\/api.w.org\/{rel}","templated":true}]}}