{"id":6731,"date":"2018-05-28T11:31:05","date_gmt":"2018-05-28T15:31:05","guid":{"rendered":"http:\/\/www.jjcardinal.ca\/?p=6731"},"modified":"2019-06-01T11:32:09","modified_gmt":"2019-06-01T15:32:09","slug":"mrs-laurette-mondor","status":"publish","type":"post","link":"https:\/\/jjcardinal.ca\/en\/mrs-laurette-mondor\/","title":{"rendered":"Mrs Laurette Mondor"},"content":{"rendered":"<p><strong>Passed away \u00a0on\u00a0May 28th, 2018\u00a0 at the age of\u00a073 years old<\/strong><\/p>\n<hr \/>\n<div class=\"texte\">\n<section class=\"col-md-8 content-avis-deces\">\n<div class=\"texte\">\n<p>C\u2019est avec tristesse que nous vous annon\u00e7ons le d\u00e9c\u00e8s de Mme Laurette Mondor, le 28 mai dernier \u00e0 l\u2019\u00e2ge de 73 ans.<br \/>\nElle laisse dans le deuil sa soeur R\u00e9jeanne, son fr\u00e8re Marcel, son fr\u00e8re Normand, sa soeur Th\u00e9r\u00e8se et le conjoint de cette derni\u00e8re, Yves Bouchart, son neveu Serge Mondor ainsi que son petit-neveu Alexandre Mondor.<br \/>\nLa famille recevra les condol\u00e9ances le dimanche 24 juin de 14h \u00e0 16h \u00e0 la R\u00e9sidence fun\u00e9raire J.J. Cardinal, 2125 Notre-Dame \u00e0 Lachine (www.jjcardinal.ca 514-639-1511).<\/p>\n<\/div>\n<div class=\"spacing-top-40px\">\n<h3>R\u00c9SIDENCE FUN\u00c9RAIRE J.J. CARDINAL<\/h3>\n<p>2125, rue Notre-Dame, Lachine (Qu\u00e9bec)\u00a0\u00a0H8S 2G5<\/p>\n<p>Tel.:\u00a0514-639-1511\u00a0|\u00a0Fax:\u00a0514-639-1516\u00a0|\u00a0Email:\u00a0<a href=\"mailto:info@jjcardinal.ca\">info@jjcardinal.ca<\/a><\/p>\n<p class=\"links\"><a href=\"http:\/\/goo.gl\/maps\/6TF2f\" target=\"_blank\" rel=\"noopener\">Driving directions<\/a>\u00a0|\u00a0<a href=\"http:\/\/www.meteomedia.com\/weather\/caqc0281\" target=\"_blank\" rel=\"noopener\">Weather forecasts<\/a><\/p>\n<\/div>\n<\/section>\n<aside class=\"col-md-4\">\n<div class=\"photo-deces visible-md visible-lg\">\n<div class=\"box-image\"><\/div>\n<\/div>\n<\/aside>\n<\/div>\n<div class=\"spacing-top-40px\"><\/div>\n","protected":false},"excerpt":{"rendered":"<p>Passed away \u00a0on\u00a0May 28th, 2018\u00a0 at the age of\u00a073 years old C\u2019est avec tristesse que nous vous annon\u00e7ons le d\u00e9c\u00e8s de Mme Laurette Mondor, le 28 mai dernier \u00e0 l\u2019\u00e2ge de 73 ans. Elle laisse dans le deuil sa soeur R\u00e9jeanne, son fr\u00e8re Marcel, son fr\u00e8re Normand, sa soeur Th\u00e9r\u00e8se et le conjoint de cette [&hellip;]<\/p>\n","protected":false},"author":58,"featured_media":2810,"comment_status":"open","ping_status":"open","sticky":false,"template":"","format":"standard","meta":{"_seopress_robots_primary_cat":"","_seopress_titles_title":"","_seopress_titles_desc":"","_seopress_robots_index":"","footnotes":""},"categories":[68],"tags":[],"class_list":["post-6731","post","type-post","status-publish","format-standard","has-post-thumbnail","hentry","category-obituaries"],"_links":{"self":[{"href":"https:\/\/jjcardinal.ca\/en\/wp-json\/wp\/v2\/posts\/6731","targetHints":{"allow":["GET"]}}],"collection":[{"href":"https:\/\/jjcardinal.ca\/en\/wp-json\/wp\/v2\/posts"}],"about":[{"href":"https:\/\/jjcardinal.ca\/en\/wp-json\/wp\/v2\/types\/post"}],"author":[{"embeddable":true,"href":"https:\/\/jjcardinal.ca\/en\/wp-json\/wp\/v2\/users\/58"}],"replies":[{"embeddable":true,"href":"https:\/\/jjcardinal.ca\/en\/wp-json\/wp\/v2\/comments?post=6731"}],"version-history":[{"count":0,"href":"https:\/\/jjcardinal.ca\/en\/wp-json\/wp\/v2\/posts\/6731\/revisions"}],"wp:featuredmedia":[{"embeddable":true,"href":"https:\/\/jjcardinal.ca\/en\/wp-json\/wp\/v2\/media\/2810"}],"wp:attachment":[{"href":"https:\/\/jjcardinal.ca\/en\/wp-json\/wp\/v2\/media?parent=6731"}],"wp:term":[{"taxonomy":"category","embeddable":true,"href":"https:\/\/jjcardinal.ca\/en\/wp-json\/wp\/v2\/categories?post=6731"},{"taxonomy":"post_tag","embeddable":true,"href":"https:\/\/jjcardinal.ca\/en\/wp-json\/wp\/v2\/tags?post=6731"}],"curies":[{"name":"wp","href":"https:\/\/api.w.org\/{rel}","templated":true}]}}