{"id":6812,"date":"2018-06-20T12:08:57","date_gmt":"2018-06-20T16:08:57","guid":{"rendered":"http:\/\/www.jjcardinal.ca\/?p=6812"},"modified":"2019-06-01T12:09:46","modified_gmt":"2019-06-01T16:09:46","slug":"mme-rollande-lafrenaye-nee-beauchamp","status":"publish","type":"post","link":"https:\/\/jjcardinal.ca\/en\/mme-rollande-lafrenaye-nee-beauchamp\/","title":{"rendered":"Mme Rollande Lafrenaye n\u00e9e Beauchamp"},"content":{"rendered":"<p><strong>Passed away \u00a0on\u00a0June 20th, 2018\u00a0 at the age of\u00a098 years old<\/strong><\/p>\n<hr \/>\n<div class=\"texte\">\n<div class=\"texte\">\n<p>\u00c0 Montr\u00e9al le 20 juin 2018, des suites d\u2019une chute, est d\u00e9c\u00e9d\u00e9e Madame Rollande Lafrenaye n\u00e9e Beauchamp, auparavant de Roxton Falls.<\/p>\n<p>Elle laisse dans le deuil de nombreuses ni\u00e8ces et neveux et autres parents et amis qui l\u2019aimaient beaucoup.<\/p>\n<p>La famille recevra les condol\u00e9ances le dimanche 24 juin d\u00e8s 12h et c\u00e9r\u00e9monie religieuse suivra en la chapelle de la r\u00e9sidence \u00e0 14h.<\/p>\n<p>R\u00e9sidence fun\u00e9raire J.J. Cardinal<br \/>\n560, chemin du Bord-du-Lac, (Dorval) H9S 2B3<br \/>\n514-631-1511.<\/p>\n<p>Elle aurait eu 99 ans aujourd\u2019hui.<\/p>\n<\/div>\n<div class=\"spacing-top-40px\">\n<h3>R\u00c9SIDENCE FUN\u00c9RAIRE J.J. CARDINAL<\/h3>\n<p>560, chemin Bord du Lac, Dorval (Qu\u00e9bec)\u00a0\u00a0H9S 2B3<\/p>\n<p>Tel.:\u00a0514-631-1511\u00a0|\u00a0Fax:\u00a0514-631-1516\u00a0|\u00a0Email:\u00a0<a href=\"mailto:info@jjcardinal.ca\">info@jjcardinal.ca<\/a><\/p>\n<p class=\"links\"><a href=\"http:\/\/goo.gl\/maps\/XzRHS\" target=\"_blank\" rel=\"noopener\">Driving directions<\/a><\/p>\n<\/div>\n<\/div>\n<div class=\"spacing-top-40px\"><\/div>\n","protected":false},"excerpt":{"rendered":"<p>Passed away \u00a0on\u00a0June 20th, 2018\u00a0 at the age of\u00a098 years old \u00c0 Montr\u00e9al le 20 juin 2018, des suites d\u2019une chute, est d\u00e9c\u00e9d\u00e9e Madame Rollande Lafrenaye n\u00e9e Beauchamp, auparavant de Roxton Falls. Elle laisse dans le deuil de nombreuses ni\u00e8ces et neveux et autres parents et amis qui l\u2019aimaient beaucoup. La famille recevra les condol\u00e9ances [&hellip;]<\/p>\n","protected":false},"author":58,"featured_media":2880,"comment_status":"open","ping_status":"open","sticky":false,"template":"","format":"standard","meta":{"_seopress_robots_primary_cat":"","_seopress_titles_title":"","_seopress_titles_desc":"","_seopress_robots_index":"","footnotes":""},"categories":[68],"tags":[],"class_list":["post-6812","post","type-post","status-publish","format-standard","has-post-thumbnail","hentry","category-obituaries"],"_links":{"self":[{"href":"https:\/\/jjcardinal.ca\/en\/wp-json\/wp\/v2\/posts\/6812","targetHints":{"allow":["GET"]}}],"collection":[{"href":"https:\/\/jjcardinal.ca\/en\/wp-json\/wp\/v2\/posts"}],"about":[{"href":"https:\/\/jjcardinal.ca\/en\/wp-json\/wp\/v2\/types\/post"}],"author":[{"embeddable":true,"href":"https:\/\/jjcardinal.ca\/en\/wp-json\/wp\/v2\/users\/58"}],"replies":[{"embeddable":true,"href":"https:\/\/jjcardinal.ca\/en\/wp-json\/wp\/v2\/comments?post=6812"}],"version-history":[{"count":0,"href":"https:\/\/jjcardinal.ca\/en\/wp-json\/wp\/v2\/posts\/6812\/revisions"}],"wp:featuredmedia":[{"embeddable":true,"href":"https:\/\/jjcardinal.ca\/en\/wp-json\/wp\/v2\/media\/2880"}],"wp:attachment":[{"href":"https:\/\/jjcardinal.ca\/en\/wp-json\/wp\/v2\/media?parent=6812"}],"wp:term":[{"taxonomy":"category","embeddable":true,"href":"https:\/\/jjcardinal.ca\/en\/wp-json\/wp\/v2\/categories?post=6812"},{"taxonomy":"post_tag","embeddable":true,"href":"https:\/\/jjcardinal.ca\/en\/wp-json\/wp\/v2\/tags?post=6812"}],"curies":[{"name":"wp","href":"https:\/\/api.w.org\/{rel}","templated":true}]}}