{"id":6916,"date":"2018-07-15T10:19:09","date_gmt":"2018-07-15T14:19:09","guid":{"rendered":"http:\/\/www.jjcardinal.ca\/?p=6916"},"modified":"2019-06-02T10:21:47","modified_gmt":"2019-06-02T14:21:47","slug":"mr-jean-paul-toupin","status":"publish","type":"post","link":"https:\/\/jjcardinal.ca\/en\/mr-jean-paul-toupin\/","title":{"rendered":"Mr. Jean-Paul Toupin"},"content":{"rendered":"<p><strong>D\u00e9c\u00e9d\u00e9\u00a0le\u00a015 juillet 2018\u00a0 \u00e0 l&#8217;\u00e2ge de\u00a090 ans<\/strong><\/p>\n<hr \/>\n<div class=\"texte\">\n<p>\u00c0 Lachine, le 15 juillet 2018, \u00e0 l\u2019\u00e2ge de 90 ans, est d\u00e9c\u00e9d\u00e9 monsieur Jean-Paul Toupin, \u00e9poux de Feu No\u00eblla Couillard.<\/p>\n<p>Il laisse dans le deuil ses enfants Marcel (Candide), Richard, Claude (\u00c9lisabeth), Gilles (Liette) et Louise, sa compagne Jeannine, ses petits-enfants, arri\u00e8re-petits-enfants, ainsi que plusieurs parents et amis.<\/p>\n<p>La famille recevra les condol\u00e9ances au Salon Fun\u00e9raire J.J. Cardinal (2125 Notre-Dame, Lachine, Qu\u00e9bec, H8S 2G5 (514) 639-1511), samedi le 28 juillet 2018 de 2h \u00e0 5h ainsi que 7h \u00e0 9h.<br \/>\nEn lieu de fleurs des dons \u00e0 la Soci\u00e9t\u00e9 Canadienne du Cancer seraient appr\u00e9ci\u00e9s.<\/p>\n<\/div>\n<h3 class=\"menu-action-bar\">FAIRE UN DON<\/h3>\n<p class=\"menu-action-bar\">&#8211;\u00a0<a href=\"https:\/\/secure2.convio.net\/cco\/site\/Donation2?idb=530690525&amp;DONATION_LEVEL_ID_SELECTED=4767&amp;df_id=11640&amp;11640.donation=form1&amp;JServSessionIdr004=pyalxmv2n2.app227b\" target=\"_blank\" rel=\"noopener\">Soci\u00e9t\u00e9 canadienne du cancer<\/a><\/p>\n<div class=\"spacing-top-40px\">\n<h3>R\u00c9SIDENCE FUN\u00c9RAIRE J.J. CARDINAL<\/h3>\n<p>2125, rue Notre-Dame, Lachine (Qu\u00e9bec)\u00a0\u00a0H8S 2G5<\/p>\n<p>T\u00e9l. :\u00a0514-639-1511\u00a0|\u00a0T\u00e9l\u00e9c. :\u00a0514-639-1516\u00a0|\u00a0Courriel :\u00a0<a href=\"mailto:info@jjcardinal.ca\">info@jjcardinal.ca<\/a><\/p>\n<\/div>\n","protected":false},"excerpt":{"rendered":"<p>D\u00e9c\u00e9d\u00e9\u00a0le\u00a015 juillet 2018\u00a0 \u00e0 l&#8217;\u00e2ge de\u00a090 ans \u00c0 Lachine, le 15 juillet 2018, \u00e0 l\u2019\u00e2ge de 90 ans, est d\u00e9c\u00e9d\u00e9 monsieur Jean-Paul Toupin, \u00e9poux de Feu No\u00eblla Couillard. Il laisse dans le deuil ses enfants Marcel (Candide), Richard, Claude (\u00c9lisabeth), Gilles (Liette) et Louise, sa compagne Jeannine, ses petits-enfants, arri\u00e8re-petits-enfants, ainsi que plusieurs parents et [&hellip;]<\/p>\n","protected":false},"author":58,"featured_media":2976,"comment_status":"open","ping_status":"open","sticky":false,"template":"","format":"standard","meta":{"_seopress_robots_primary_cat":"","_seopress_titles_title":"","_seopress_titles_desc":"","_seopress_robots_index":"","footnotes":""},"categories":[68],"tags":[],"class_list":["post-6916","post","type-post","status-publish","format-standard","has-post-thumbnail","hentry","category-obituaries"],"_links":{"self":[{"href":"https:\/\/jjcardinal.ca\/en\/wp-json\/wp\/v2\/posts\/6916","targetHints":{"allow":["GET"]}}],"collection":[{"href":"https:\/\/jjcardinal.ca\/en\/wp-json\/wp\/v2\/posts"}],"about":[{"href":"https:\/\/jjcardinal.ca\/en\/wp-json\/wp\/v2\/types\/post"}],"author":[{"embeddable":true,"href":"https:\/\/jjcardinal.ca\/en\/wp-json\/wp\/v2\/users\/58"}],"replies":[{"embeddable":true,"href":"https:\/\/jjcardinal.ca\/en\/wp-json\/wp\/v2\/comments?post=6916"}],"version-history":[{"count":0,"href":"https:\/\/jjcardinal.ca\/en\/wp-json\/wp\/v2\/posts\/6916\/revisions"}],"wp:featuredmedia":[{"embeddable":true,"href":"https:\/\/jjcardinal.ca\/en\/wp-json\/wp\/v2\/media\/2976"}],"wp:attachment":[{"href":"https:\/\/jjcardinal.ca\/en\/wp-json\/wp\/v2\/media?parent=6916"}],"wp:term":[{"taxonomy":"category","embeddable":true,"href":"https:\/\/jjcardinal.ca\/en\/wp-json\/wp\/v2\/categories?post=6916"},{"taxonomy":"post_tag","embeddable":true,"href":"https:\/\/jjcardinal.ca\/en\/wp-json\/wp\/v2\/tags?post=6916"}],"curies":[{"name":"wp","href":"https:\/\/api.w.org\/{rel}","templated":true}]}}