{"id":7195,"date":"2018-08-28T16:49:54","date_gmt":"2018-08-28T20:49:54","guid":{"rendered":"http:\/\/www.jjcardinal.ca\/?p=7195"},"modified":"2019-06-04T16:50:41","modified_gmt":"2019-06-04T20:50:41","slug":"mrs-therese-gauthier-pilon","status":"publish","type":"post","link":"https:\/\/jjcardinal.ca\/en\/mrs-therese-gauthier-pilon\/","title":{"rendered":"Mrs Th\u00e9r\u00e8se Gauthier Pilon"},"content":{"rendered":"<p class=\"date-deces\"><strong>Passed away \u00a0on\u00a0August 28th, 2018\u00a0 at the age of\u00a084 years old<\/strong><\/p>\n<hr \/>\n<div class=\"texte\">\n<div class=\"texte\">\n<p>\u00c0 Lachine est d\u00e9c\u00e9d\u00e9e Th\u00e9r\u00e8se Pilon n\u00e9e Gauthier, \u00e9pouse de feu Andr\u00e9 Pilon.<\/p>\n<p>Elle laisse dans le deuil ses enfants Michel, Claudine (Serge), Pierre (Manon), Claude (Patricia), Mario, Diane (Richard), Sylvie (Guy) et Pascal (Karine), ses petits-enfants et ses arri\u00e8re petits-enfants, sa soeur Francine ainsi que de nombreux parents et amis.<\/p>\n<p>La famille recevra les condol\u00e9ances \u00e0 la R\u00e9sidence fun\u00e9raire J.J. Cardinal, 2125 rue Notre-Dame, Lachine (www.jjcardinal.ca 514-639-1511) le dimanche 9 septembre de 14h-17h et 19h- 21h et le lundi 10 septembre de 9h-10h suivi du service fun\u00e9raire \u00e0 10h30 \u00e0 l&#8217;\u00c9glise des Saints-Anges, 1400 boul.. St-Joseph, Lachine.<\/p>\n<\/div>\n<div class=\"spacing-top-40px\">\n<h3>R\u00c9SIDENCE FUN\u00c9RAIRE J.J. CARDINAL<\/h3>\n<p>2125, rue Notre-Dame, Lachine (Qu\u00e9bec)\u00a0\u00a0H8S 2G5<\/p>\n<p>Tel.:\u00a0514-639-1511\u00a0|\u00a0Fax:\u00a0514-639-1516\u00a0|\u00a0Email:\u00a0<a href=\"mailto:info@jjcardinal.ca\">info@jjcardinal.ca<\/a><\/p>\n<p class=\"links\"><a href=\"http:\/\/goo.gl\/maps\/6TF2f\" target=\"_blank\" rel=\"noopener\">Driving directions<\/a>\u00a0|\u00a0<a href=\"http:\/\/www.meteomedia.com\/weather\/caqc0281\" target=\"_blank\" rel=\"noopener\">Weather forecasts<\/a><\/p>\n<\/div>\n<\/div>\n<div class=\"spacing-top-40px\"><\/div>\n","protected":false},"excerpt":{"rendered":"<p>Passed away \u00a0on\u00a0August 28th, 2018\u00a0 at the age of\u00a084 years old \u00c0 Lachine est d\u00e9c\u00e9d\u00e9e Th\u00e9r\u00e8se Pilon n\u00e9e Gauthier, \u00e9pouse de feu Andr\u00e9 Pilon. Elle laisse dans le deuil ses enfants Michel, Claudine (Serge), Pierre (Manon), Claude (Patricia), Mario, Diane (Richard), Sylvie (Guy) et Pascal (Karine), ses petits-enfants et ses arri\u00e8re petits-enfants, sa soeur Francine [&hellip;]<\/p>\n","protected":false},"author":58,"featured_media":3200,"comment_status":"open","ping_status":"open","sticky":false,"template":"","format":"standard","meta":{"_seopress_robots_primary_cat":"","_seopress_titles_title":"","_seopress_titles_desc":"","_seopress_robots_index":"","footnotes":""},"categories":[68],"tags":[],"class_list":["post-7195","post","type-post","status-publish","format-standard","has-post-thumbnail","hentry","category-obituaries"],"_links":{"self":[{"href":"https:\/\/jjcardinal.ca\/en\/wp-json\/wp\/v2\/posts\/7195","targetHints":{"allow":["GET"]}}],"collection":[{"href":"https:\/\/jjcardinal.ca\/en\/wp-json\/wp\/v2\/posts"}],"about":[{"href":"https:\/\/jjcardinal.ca\/en\/wp-json\/wp\/v2\/types\/post"}],"author":[{"embeddable":true,"href":"https:\/\/jjcardinal.ca\/en\/wp-json\/wp\/v2\/users\/58"}],"replies":[{"embeddable":true,"href":"https:\/\/jjcardinal.ca\/en\/wp-json\/wp\/v2\/comments?post=7195"}],"version-history":[{"count":0,"href":"https:\/\/jjcardinal.ca\/en\/wp-json\/wp\/v2\/posts\/7195\/revisions"}],"wp:featuredmedia":[{"embeddable":true,"href":"https:\/\/jjcardinal.ca\/en\/wp-json\/wp\/v2\/media\/3200"}],"wp:attachment":[{"href":"https:\/\/jjcardinal.ca\/en\/wp-json\/wp\/v2\/media?parent=7195"}],"wp:term":[{"taxonomy":"category","embeddable":true,"href":"https:\/\/jjcardinal.ca\/en\/wp-json\/wp\/v2\/categories?post=7195"},{"taxonomy":"post_tag","embeddable":true,"href":"https:\/\/jjcardinal.ca\/en\/wp-json\/wp\/v2\/tags?post=7195"}],"curies":[{"name":"wp","href":"https:\/\/api.w.org\/{rel}","templated":true}]}}