{"id":7243,"date":"2018-09-09T17:22:53","date_gmt":"2018-09-09T21:22:53","guid":{"rendered":"http:\/\/www.jjcardinal.ca\/?p=7243"},"modified":"2019-06-04T17:24:40","modified_gmt":"2019-06-04T21:24:40","slug":"mme-sylvie-bourdeau","status":"publish","type":"post","link":"https:\/\/jjcardinal.ca\/en\/mme-sylvie-bourdeau\/","title":{"rendered":"Mrs Sylvie Bourdeau"},"content":{"rendered":"<p class=\"date-deces\"><strong>Passed away \u00a0on\u00a0September 9th, 2018\u00a0 at the age of\u00a058 years old<\/strong><\/p>\n<hr \/>\n<div class=\"texte\">\n<div class=\"texte\">\n<p>It is with immense sadness we announce the passing of Sylvie Bourdeau on September 9, 2018. Left heartbroken are her mother, Rita C\u00f4t\u00e9; father, Maurice Bourdeau; sister Francine Bourdeau; daughters, M\u00e9lissa Tozzi (Hicham) and Lina Tozzi; and son, Patrick Tozzi (Amanda) as well as all her grand-children; nephews and nieces.<\/p>\n<p>Many thanks to all the medical staff (doctors, nurses, auxiliaries and beneficiary attendants) who went above and beyond to make Sylvie\u2019s last days comfortable.<\/p>\n<p>Resting at J.J. Cardinal Funeral Home, 2125 Notre-Dame street, Lachine. Visitation will take place this Friday, September 14, from 6 to 9 PM, and Saturday, September 15, starting at 9 AM, followed by a service in the chapel at 11 AM.<\/p>\n<p>In lieu of flowers, donations can be made to the Lachine Hospital Center\u2019s \u00ab Palliative Care Facility \u00bb http:\/\/lachinehospitalfoundation.org\/make-a-donation\/different-ways-to-donate\/<\/p>\n<\/div>\n<h3 class=\"menu-action-bar\">DONATE<\/h3>\n<p class=\"menu-action-bar\">&#8211;\u00a0<a href=\"http:\/\/lachinehospitalfoundation.org\/make-a-donation\/how-to-make-a-donation\/\" target=\"_blank\" rel=\"noopener\">The Lachine Hospital Foundation<\/a><\/p>\n<div class=\"spacing-top-40px\">\n<h3>R\u00c9SIDENCE FUN\u00c9RAIRE J.J. CARDINAL<\/h3>\n<p>2125, rue Notre-Dame, Lachine (Qu\u00e9bec)\u00a0\u00a0H8S 2G5<\/p>\n<p>Tel.:\u00a0514-639-1511\u00a0|\u00a0Fax:\u00a0514-639-1516\u00a0|\u00a0Email:\u00a0<a href=\"mailto:info@jjcardinal.ca\">info@jjcardinal.ca<\/a><\/p>\n<p class=\"links\"><a href=\"http:\/\/goo.gl\/maps\/6TF2f\" target=\"_blank\" rel=\"noopener\">Driving directions<\/a>\u00a0|\u00a0<a href=\"http:\/\/www.meteomedia.com\/weather\/caqc0281\" target=\"_blank\" rel=\"noopener\">Weather forecasts<\/a><\/p>\n<\/div>\n<\/div>\n<div class=\"spacing-top-40px\"><\/div>\n<div class=\"menu-action-bar\"><\/div>\n","protected":false},"excerpt":{"rendered":"<p>Passed away \u00a0on\u00a0September 9th, 2018\u00a0 at the age of\u00a058 years old It is with immense sadness we announce the passing of Sylvie Bourdeau on September 9, 2018. Left heartbroken are her mother, Rita C\u00f4t\u00e9; father, Maurice Bourdeau; sister Francine Bourdeau; daughters, M\u00e9lissa Tozzi (Hicham) and Lina Tozzi; and son, Patrick Tozzi (Amanda) as well as [&hellip;]<\/p>\n","protected":false},"author":58,"featured_media":3245,"comment_status":"open","ping_status":"open","sticky":false,"template":"","format":"standard","meta":{"_seopress_robots_primary_cat":"","_seopress_titles_title":"","_seopress_titles_desc":"","_seopress_robots_index":"","footnotes":""},"categories":[68],"tags":[],"class_list":["post-7243","post","type-post","status-publish","format-standard","has-post-thumbnail","hentry","category-obituaries"],"_links":{"self":[{"href":"https:\/\/jjcardinal.ca\/en\/wp-json\/wp\/v2\/posts\/7243","targetHints":{"allow":["GET"]}}],"collection":[{"href":"https:\/\/jjcardinal.ca\/en\/wp-json\/wp\/v2\/posts"}],"about":[{"href":"https:\/\/jjcardinal.ca\/en\/wp-json\/wp\/v2\/types\/post"}],"author":[{"embeddable":true,"href":"https:\/\/jjcardinal.ca\/en\/wp-json\/wp\/v2\/users\/58"}],"replies":[{"embeddable":true,"href":"https:\/\/jjcardinal.ca\/en\/wp-json\/wp\/v2\/comments?post=7243"}],"version-history":[{"count":0,"href":"https:\/\/jjcardinal.ca\/en\/wp-json\/wp\/v2\/posts\/7243\/revisions"}],"wp:featuredmedia":[{"embeddable":true,"href":"https:\/\/jjcardinal.ca\/en\/wp-json\/wp\/v2\/media\/3245"}],"wp:attachment":[{"href":"https:\/\/jjcardinal.ca\/en\/wp-json\/wp\/v2\/media?parent=7243"}],"wp:term":[{"taxonomy":"category","embeddable":true,"href":"https:\/\/jjcardinal.ca\/en\/wp-json\/wp\/v2\/categories?post=7243"},{"taxonomy":"post_tag","embeddable":true,"href":"https:\/\/jjcardinal.ca\/en\/wp-json\/wp\/v2\/tags?post=7243"}],"curies":[{"name":"wp","href":"https:\/\/api.w.org\/{rel}","templated":true}]}}