{"id":7364,"date":"2018-10-09T12:43:34","date_gmt":"2018-10-09T16:43:34","guid":{"rendered":"http:\/\/www.jjcardinal.ca\/?p=7364"},"modified":"2019-06-10T12:44:18","modified_gmt":"2019-06-10T16:44:18","slug":"mr-marcel-parent","status":"publish","type":"post","link":"https:\/\/jjcardinal.ca\/en\/mr-marcel-parent\/","title":{"rendered":"Mr. Marcel Parent"},"content":{"rendered":"<p class=\"date-deces\"><strong>Passed away \u00a0on\u00a0October 9th, 2018\u00a0 at the age of\u00a090 years old<\/strong><\/p>\n<section class=\"col-md-8 content-avis-deces\">\n<div class=\"texte\">\n<p>Le 9 octobre Marcel Parent nous a quitt\u00e9. Il laisse dans le deuil ses enfants, Denise (feu Roger), Robert (C\u00e9line), Richard (Johanne), Diane, Ses fr\u00e8res et s\u0153urs Juliette, Isabelle, Maurice, Huguette, Gaston, Armand et Simone, petits-enfants et arri\u00e8re-petits-enfants ainsi que beaux-fr\u00e8res, belles s\u0153urs, famille et amis.<\/p>\n<p>La famille aimerait remercier le personnel m\u00e9dical des soins intensifs de l\u2019h\u00f4pital g\u00e9n\u00e9rale Lakeshore de Pointe-Claire.<\/p>\n<p>La famille recevra les condol\u00e9ances dimanche le 14 octobre 2018 de 14h \u00e0 17h et de 19h \u00e0 21h ainsi que lundi le 15 octobre de 10h \u00e0 11h. La c\u00e9r\u00e9monie suivra dans la chapelle \u00e0 la R\u00e9sidence Fun\u00e9raire J.J. Cardinal (2125, Notre-Dame, Lachine, 514-639-1511).<\/p>\n<p>&nbsp;<\/p>\n<\/div>\n<div class=\"spacing-top-40px\">\n<h3>R\u00c9SIDENCE FUN\u00c9RAIRE J.J. CARDINAL<\/h3>\n<p>2125, rue Notre-Dame, Lachine (Qu\u00e9bec)\u00a0\u00a0H8S 2G5<\/p>\n<p>Tel.:\u00a0514-639-1511\u00a0|\u00a0Fax:\u00a0514-639-1516\u00a0|\u00a0Email:\u00a0<a href=\"mailto:info@jjcardinal.ca\">info@jjcardinal.ca<\/a><\/p>\n<p class=\"links\"><a href=\"http:\/\/goo.gl\/maps\/6TF2f\" target=\"_blank\" rel=\"noopener\">Driving directions<\/a>\u00a0|\u00a0<a href=\"http:\/\/www.meteomedia.com\/weather\/caqc0281\" target=\"_blank\" rel=\"noopener\">Weather forecasts<\/a><\/p>\n<\/div>\n<\/section>\n<aside class=\"col-md-4\">\n<div class=\"photo-deces visible-md visible-lg\">\n<div class=\"box-image\"><\/div>\n<\/div>\n<\/aside>\n<p>&nbsp;<\/p>\n<div class=\"spacing-top-40px\">\n<p>&nbsp;<\/p>\n<\/div>\n","protected":false},"excerpt":{"rendered":"<p>Passed away \u00a0on\u00a0October 9th, 2018\u00a0 at the age of\u00a090 years old Le 9 octobre Marcel Parent nous a quitt\u00e9. Il laisse dans le deuil ses enfants, Denise (feu Roger), Robert (C\u00e9line), Richard (Johanne), Diane, Ses fr\u00e8res et s\u0153urs Juliette, Isabelle, Maurice, Huguette, Gaston, Armand et Simone, petits-enfants et arri\u00e8re-petits-enfants ainsi que beaux-fr\u00e8res, belles s\u0153urs, famille [&hellip;]<\/p>\n","protected":false},"author":58,"featured_media":3355,"comment_status":"open","ping_status":"open","sticky":false,"template":"","format":"standard","meta":{"_seopress_robots_primary_cat":"","_seopress_titles_title":"","_seopress_titles_desc":"","_seopress_robots_index":"","footnotes":""},"categories":[68],"tags":[],"class_list":["post-7364","post","type-post","status-publish","format-standard","has-post-thumbnail","hentry","category-obituaries"],"_links":{"self":[{"href":"https:\/\/jjcardinal.ca\/en\/wp-json\/wp\/v2\/posts\/7364","targetHints":{"allow":["GET"]}}],"collection":[{"href":"https:\/\/jjcardinal.ca\/en\/wp-json\/wp\/v2\/posts"}],"about":[{"href":"https:\/\/jjcardinal.ca\/en\/wp-json\/wp\/v2\/types\/post"}],"author":[{"embeddable":true,"href":"https:\/\/jjcardinal.ca\/en\/wp-json\/wp\/v2\/users\/58"}],"replies":[{"embeddable":true,"href":"https:\/\/jjcardinal.ca\/en\/wp-json\/wp\/v2\/comments?post=7364"}],"version-history":[{"count":0,"href":"https:\/\/jjcardinal.ca\/en\/wp-json\/wp\/v2\/posts\/7364\/revisions"}],"wp:featuredmedia":[{"embeddable":true,"href":"https:\/\/jjcardinal.ca\/en\/wp-json\/wp\/v2\/media\/3355"}],"wp:attachment":[{"href":"https:\/\/jjcardinal.ca\/en\/wp-json\/wp\/v2\/media?parent=7364"}],"wp:term":[{"taxonomy":"category","embeddable":true,"href":"https:\/\/jjcardinal.ca\/en\/wp-json\/wp\/v2\/categories?post=7364"},{"taxonomy":"post_tag","embeddable":true,"href":"https:\/\/jjcardinal.ca\/en\/wp-json\/wp\/v2\/tags?post=7364"}],"curies":[{"name":"wp","href":"https:\/\/api.w.org\/{rel}","templated":true}]}}