{"id":7544,"date":"2018-11-13T18:00:21","date_gmt":"2018-11-13T23:00:21","guid":{"rendered":"http:\/\/www.jjcardinal.ca\/?p=7544"},"modified":"2019-06-11T18:01:35","modified_gmt":"2019-06-11T22:01:35","slug":"mrs-colette-massicotte-lynch","status":"publish","type":"post","link":"https:\/\/jjcardinal.ca\/en\/mrs-colette-massicotte-lynch\/","title":{"rendered":"Mrs Colette Massicotte Lynch"},"content":{"rendered":"<p class=\"date-deces\"><strong>Passed away \u00a0on\u00a0November 13th, 2018\u00a0 at the age of\u00a090 years old<\/strong><\/p>\n<hr \/>\n<div class=\"menu-action-bar\">\n<div class=\"texte\">\n<div class=\"texte\">\n<p>Le 13 novembre est d\u00e9c\u00e9d\u00e9e Colette Massicotte. Elle laisse dans le deuil ses trois gar\u00e7ons Yves Lynch (Louise Richer), Sylvain Lynch et Fran\u00e7ois Lynch, ses cinq petits-enfants Marc-Olivier, Wayne, Simon, Genevi\u00e8ve et Anthony ainsi que famille et amis.<\/p>\n<p>La famille recevra les condol\u00e9ances \u00e0 la R\u00e9sidence fun\u00e9raire J.J. Cardinal, 2125 rue Notre-Dame, Lachine (www.jjcardinal.ca 514-639-1511) le samedi 1er d\u00e9cembre de 10h \u00e0 12h (midi) et de 13h \u00e0 17h suivi du service fun\u00e9raire en la chapelle de la r\u00e9sidence \u00e0 17h.<\/p>\n<\/div>\n<div class=\"spacing-top-40px\">\n<h3>R\u00c9SIDENCE FUN\u00c9RAIRE J.J. CARDINAL<\/h3>\n<p>2125, rue Notre-Dame, Lachine (Qu\u00e9bec)\u00a0\u00a0H8S 2G5<\/p>\n<p>Tel.:\u00a0514-639-1511\u00a0|\u00a0Fax:\u00a0514-639-1516\u00a0|\u00a0Email:\u00a0<a href=\"mailto:info@jjcardinal.ca\">info@jjcardinal.ca<\/a><\/p>\n<p class=\"links\"><a href=\"http:\/\/goo.gl\/maps\/6TF2f\" target=\"_blank\" rel=\"noopener\">Driving directions<\/a>\u00a0|\u00a0<a href=\"http:\/\/www.meteomedia.com\/weather\/caqc0281\" target=\"_blank\" rel=\"noopener\">Weather forecasts<\/a><\/p>\n<\/div>\n<\/div>\n<div class=\"spacing-top-40px\"><\/div>\n<\/div>\n","protected":false},"excerpt":{"rendered":"<p>Passed away \u00a0on\u00a0November 13th, 2018\u00a0 at the age of\u00a090 years old Le 13 novembre est d\u00e9c\u00e9d\u00e9e Colette Massicotte. Elle laisse dans le deuil ses trois gar\u00e7ons Yves Lynch (Louise Richer), Sylvain Lynch et Fran\u00e7ois Lynch, ses cinq petits-enfants Marc-Olivier, Wayne, Simon, Genevi\u00e8ve et Anthony ainsi que famille et amis. La famille recevra les condol\u00e9ances \u00e0 [&hellip;]<\/p>\n","protected":false},"author":58,"featured_media":4779,"comment_status":"open","ping_status":"open","sticky":false,"template":"","format":"standard","meta":{"_seopress_robots_primary_cat":"","_seopress_titles_title":"","_seopress_titles_desc":"","_seopress_robots_index":"","footnotes":""},"categories":[68],"tags":[],"class_list":["post-7544","post","type-post","status-publish","format-standard","has-post-thumbnail","hentry","category-obituaries"],"_links":{"self":[{"href":"https:\/\/jjcardinal.ca\/en\/wp-json\/wp\/v2\/posts\/7544","targetHints":{"allow":["GET"]}}],"collection":[{"href":"https:\/\/jjcardinal.ca\/en\/wp-json\/wp\/v2\/posts"}],"about":[{"href":"https:\/\/jjcardinal.ca\/en\/wp-json\/wp\/v2\/types\/post"}],"author":[{"embeddable":true,"href":"https:\/\/jjcardinal.ca\/en\/wp-json\/wp\/v2\/users\/58"}],"replies":[{"embeddable":true,"href":"https:\/\/jjcardinal.ca\/en\/wp-json\/wp\/v2\/comments?post=7544"}],"version-history":[{"count":0,"href":"https:\/\/jjcardinal.ca\/en\/wp-json\/wp\/v2\/posts\/7544\/revisions"}],"wp:featuredmedia":[{"embeddable":true,"href":"https:\/\/jjcardinal.ca\/en\/wp-json\/wp\/v2\/media\/4779"}],"wp:attachment":[{"href":"https:\/\/jjcardinal.ca\/en\/wp-json\/wp\/v2\/media?parent=7544"}],"wp:term":[{"taxonomy":"category","embeddable":true,"href":"https:\/\/jjcardinal.ca\/en\/wp-json\/wp\/v2\/categories?post=7544"},{"taxonomy":"post_tag","embeddable":true,"href":"https:\/\/jjcardinal.ca\/en\/wp-json\/wp\/v2\/tags?post=7544"}],"curies":[{"name":"wp","href":"https:\/\/api.w.org\/{rel}","templated":true}]}}