{"id":7702,"date":"2018-12-18T15:06:31","date_gmt":"2018-12-18T20:06:31","guid":{"rendered":"http:\/\/www.jjcardinal.ca\/?p=7702"},"modified":"2019-06-17T15:07:18","modified_gmt":"2019-06-17T19:07:18","slug":"mr-normand-barrette","status":"publish","type":"post","link":"https:\/\/jjcardinal.ca\/en\/mr-normand-barrette\/","title":{"rendered":"Mr. Normand Barrette"},"content":{"rendered":"<p class=\"date-deces\"><strong>Passed away \u00a0on\u00a0December 18th, 2018\u00a0 at the age of\u00a068 years old<\/strong><\/p>\n<hr \/>\n<div class=\"menu-action-bar\">\n<div class=\"texte\">\n<div class=\"texte\">\n<p>Le 18 d\u00e9cembre 2018 \u00e0 l\u2019\u00e2ge de 68 ans est d\u00e9c\u00e9d\u00e9 M. Normand Barrette, \u00e9poux de Denise Martineau depuis 43 ans.<\/p>\n<p>Outre son \u00e9pouse, il laisse dans le deuil sa fille Christine, son fils Patrick (Sophie Laram\u00e9e), ses petits-enfants Marilou, No\u00e9mie et Lucas, son fr\u00e8re Daniel (Colette Cournoyer), ainsi que de nombreux neveux, ni\u00e8ces, parents et amis.<br \/>\nLa famille recevra les condol\u00e9ances en pr\u00e9sence des cendres \u00e0 la R\u00e9sidence Fun\u00e9raire J.J. Cardinal, 2125 rue Notre-Dame, Lachine H8S 2G5 (www.jjcardinal.ca 514-639-1511) le samedi 29 d\u00e9cembre, de 13 h \u00e0 16 h puis s\u2019ensuivra une c\u00e9l\u00e9bration religieuse dans la chapelle de la r\u00e9sidence.<\/p>\n<p>La famille d\u00e9sire remercier le personnel du Centre d\u2019h\u00e9bergement Rose-de-Lima \u00e0 Laval ainsi que le personnel du CISSS de Laval pour les bons soins.<\/p>\n<p>Vos t\u00e9moignages de sympathie peuvent se traduire par un don au Centre d\u2019h\u00e9bergement Rose-de-Lima \u00e0 Laval ou \u00e0 la Soci\u00e9t\u00e9 Canadienne du Cancer.<\/p>\n<\/div>\n<div class=\"spacing-top-40px\">\n<h3>R\u00c9SIDENCE FUN\u00c9RAIRE J.J. CARDINAL<\/h3>\n<p>2125, rue Notre-Dame, Lachine (Qu\u00e9bec)\u00a0\u00a0H8S 2G5<\/p>\n<p>Tel.:\u00a0514-639-1511\u00a0|\u00a0Fax:\u00a0514-639-1516\u00a0|\u00a0Email:\u00a0<a href=\"mailto:info@jjcardinal.ca\">info@jjcardinal.ca<\/a><\/p>\n<p class=\"links\"><a href=\"http:\/\/goo.gl\/maps\/6TF2f\" target=\"_blank\" rel=\"noopener\">Driving directions<\/a>\u00a0|\u00a0<a href=\"http:\/\/www.meteomedia.com\/weather\/caqc0281\" target=\"_blank\" rel=\"noopener\">Weather forecasts<\/a><\/p>\n<\/div>\n<\/div>\n<div class=\"spacing-top-40px\"><\/div>\n<\/div>\n","protected":false},"excerpt":{"rendered":"<p>Passed away \u00a0on\u00a0December 18th, 2018\u00a0 at the age of\u00a068 years old Le 18 d\u00e9cembre 2018 \u00e0 l\u2019\u00e2ge de 68 ans est d\u00e9c\u00e9d\u00e9 M. Normand Barrette, \u00e9poux de Denise Martineau depuis 43 ans. Outre son \u00e9pouse, il laisse dans le deuil sa fille Christine, son fils Patrick (Sophie Laram\u00e9e), ses petits-enfants Marilou, No\u00e9mie et Lucas, son [&hellip;]<\/p>\n","protected":false},"author":58,"featured_media":4938,"comment_status":"open","ping_status":"open","sticky":false,"template":"","format":"standard","meta":{"_seopress_robots_primary_cat":"","_seopress_titles_title":"","_seopress_titles_desc":"","_seopress_robots_index":"","footnotes":""},"categories":[68],"tags":[],"class_list":["post-7702","post","type-post","status-publish","format-standard","has-post-thumbnail","hentry","category-obituaries"],"_links":{"self":[{"href":"https:\/\/jjcardinal.ca\/en\/wp-json\/wp\/v2\/posts\/7702","targetHints":{"allow":["GET"]}}],"collection":[{"href":"https:\/\/jjcardinal.ca\/en\/wp-json\/wp\/v2\/posts"}],"about":[{"href":"https:\/\/jjcardinal.ca\/en\/wp-json\/wp\/v2\/types\/post"}],"author":[{"embeddable":true,"href":"https:\/\/jjcardinal.ca\/en\/wp-json\/wp\/v2\/users\/58"}],"replies":[{"embeddable":true,"href":"https:\/\/jjcardinal.ca\/en\/wp-json\/wp\/v2\/comments?post=7702"}],"version-history":[{"count":0,"href":"https:\/\/jjcardinal.ca\/en\/wp-json\/wp\/v2\/posts\/7702\/revisions"}],"wp:featuredmedia":[{"embeddable":true,"href":"https:\/\/jjcardinal.ca\/en\/wp-json\/wp\/v2\/media\/4938"}],"wp:attachment":[{"href":"https:\/\/jjcardinal.ca\/en\/wp-json\/wp\/v2\/media?parent=7702"}],"wp:term":[{"taxonomy":"category","embeddable":true,"href":"https:\/\/jjcardinal.ca\/en\/wp-json\/wp\/v2\/categories?post=7702"},{"taxonomy":"post_tag","embeddable":true,"href":"https:\/\/jjcardinal.ca\/en\/wp-json\/wp\/v2\/tags?post=7702"}],"curies":[{"name":"wp","href":"https:\/\/api.w.org\/{rel}","templated":true}]}}