{"id":7736,"date":"2018-12-24T13:11:18","date_gmt":"2018-12-24T18:11:18","guid":{"rendered":"http:\/\/www.jjcardinal.ca\/?p=7736"},"modified":"2019-06-18T13:14:03","modified_gmt":"2019-06-18T17:14:03","slug":"mrs-francine-lamoureux","status":"publish","type":"post","link":"https:\/\/jjcardinal.ca\/en\/mrs-francine-lamoureux\/","title":{"rendered":"Mrs Francine Lamoureux"},"content":{"rendered":"<p class=\"date-deces\"><strong>Passed away \u00a0on\u00a0December 24th, 2018\u00a0 at the age of\u00a073 years old<\/strong><\/p>\n<hr \/>\n<div class=\"texte\">\n<section class=\"col-md-8 content-avis-deces\">\n<div class=\"texte\">\n<section class=\"col-md-8 content-avis-deces\">\n<div class=\"texte\">\n<p>Le 24 d\u00e9cembre 2018, \u00e0 l\u2019\u00e2ge de 73 ans, est d\u00e9c\u00e9d\u00e9e Francine Lamoureux conjointe de Ga\u00e9tan Guillemette.<\/p>\n<p>Outre son conjoint, elle laisse dans le deuil sa s\u0153ur Claudette, ses ni\u00e8ces Sylvie, Johanne, H\u00e9l\u00e8ne et Annie, ses neveux Jean et Marc, ainsi que plusieurs parents et amis.<\/p>\n<p>La famille recevra les condol\u00e9ances dimanche le 6 janvier d\u00e8s 10h \u00e0 la R\u00e9sidence fun\u00e9raire J.J. Cardinal (2125, Notre-Dame, Lachine). Les fun\u00e9railles suivront en la chapelle de la r\u00e9sidence le jour m\u00eame \u00e0 11h.<\/p>\n<\/div>\n<div class=\"spacing-top-40px\">\n<h3>R\u00c9SIDENCE FUN\u00c9RAIRE J.J. CARDINAL<\/h3>\n<p>2125, rue Notre-Dame, Lachine (Qu\u00e9bec)\u00a0\u00a0H8S 2G5<\/p>\n<p>Tel.:\u00a0514-639-1511\u00a0|\u00a0Fax:\u00a0514-639-1516\u00a0|\u00a0Email:\u00a0<a href=\"mailto:info@jjcardinal.ca\">info@jjcardinal.ca<\/a><\/p>\n<p class=\"links\"><a href=\"http:\/\/goo.gl\/maps\/6TF2f\" target=\"_blank\" rel=\"noopener\">Driving directions<\/a>\u00a0|\u00a0<a href=\"http:\/\/www.meteomedia.com\/weather\/caqc0281\" target=\"_blank\" rel=\"noopener\">Weather forecasts<\/a><\/p>\n<\/div>\n<\/section>\n<aside class=\"col-md-4\">\n<div class=\"photo-deces visible-md visible-lg\">\n<div class=\"box-image\"><\/div>\n<\/div>\n<\/aside>\n<\/div>\n<\/section>\n<\/div>\n<div class=\"spacing-top-40px\"><\/div>\n","protected":false},"excerpt":{"rendered":"<p>Passed away \u00a0on\u00a0December 24th, 2018\u00a0 at the age of\u00a073 years old Le 24 d\u00e9cembre 2018, \u00e0 l\u2019\u00e2ge de 73 ans, est d\u00e9c\u00e9d\u00e9e Francine Lamoureux conjointe de Ga\u00e9tan Guillemette. Outre son conjoint, elle laisse dans le deuil sa s\u0153ur Claudette, ses ni\u00e8ces Sylvie, Johanne, H\u00e9l\u00e8ne et Annie, ses neveux Jean et Marc, ainsi que plusieurs parents [&hellip;]<\/p>\n","protected":false},"author":58,"featured_media":4968,"comment_status":"open","ping_status":"open","sticky":false,"template":"","format":"standard","meta":{"_seopress_robots_primary_cat":"","_seopress_titles_title":"","_seopress_titles_desc":"","_seopress_robots_index":"","footnotes":""},"categories":[68],"tags":[],"class_list":["post-7736","post","type-post","status-publish","format-standard","has-post-thumbnail","hentry","category-obituaries"],"_links":{"self":[{"href":"https:\/\/jjcardinal.ca\/en\/wp-json\/wp\/v2\/posts\/7736","targetHints":{"allow":["GET"]}}],"collection":[{"href":"https:\/\/jjcardinal.ca\/en\/wp-json\/wp\/v2\/posts"}],"about":[{"href":"https:\/\/jjcardinal.ca\/en\/wp-json\/wp\/v2\/types\/post"}],"author":[{"embeddable":true,"href":"https:\/\/jjcardinal.ca\/en\/wp-json\/wp\/v2\/users\/58"}],"replies":[{"embeddable":true,"href":"https:\/\/jjcardinal.ca\/en\/wp-json\/wp\/v2\/comments?post=7736"}],"version-history":[{"count":0,"href":"https:\/\/jjcardinal.ca\/en\/wp-json\/wp\/v2\/posts\/7736\/revisions"}],"wp:featuredmedia":[{"embeddable":true,"href":"https:\/\/jjcardinal.ca\/en\/wp-json\/wp\/v2\/media\/4968"}],"wp:attachment":[{"href":"https:\/\/jjcardinal.ca\/en\/wp-json\/wp\/v2\/media?parent=7736"}],"wp:term":[{"taxonomy":"category","embeddable":true,"href":"https:\/\/jjcardinal.ca\/en\/wp-json\/wp\/v2\/categories?post=7736"},{"taxonomy":"post_tag","embeddable":true,"href":"https:\/\/jjcardinal.ca\/en\/wp-json\/wp\/v2\/tags?post=7736"}],"curies":[{"name":"wp","href":"https:\/\/api.w.org\/{rel}","templated":true}]}}