{"id":7859,"date":"2019-01-16T14:07:29","date_gmt":"2019-01-16T19:07:29","guid":{"rendered":"http:\/\/www.jjcardinal.ca\/?p=7859"},"modified":"2019-06-18T14:08:08","modified_gmt":"2019-06-18T18:08:08","slug":"mr-benoit-gravel","status":"publish","type":"post","link":"https:\/\/jjcardinal.ca\/en\/mr-benoit-gravel\/","title":{"rendered":"Mr. Benoit Gravel"},"content":{"rendered":"<p class=\"date-deces\"><strong>Passed away \u00a0on\u00a0January 16th, 2019\u00a0 at the age of\u00a087 years old<\/strong><\/p>\n<hr \/>\n<div class=\"menu-action-bar\">\n<div class=\"texte\">\n<div class=\"texte\">\n<p>Le 16 janvier 2019, \u00e0 l\u2019\u00e2ge de 87 ans, est d\u00e9c\u00e9d\u00e9 M. Benoit Gravel.<br \/>\nIl laisse dans le deuil ses enfants Nicole, Jean-Claude et Lise (Christan Legault), ses petites-filles Jacynthe, Cynthia et Camille Boutin et son petit-fils C\u00e9dric Gravel, son fr\u00e8re Raymond Gravel (H\u00e9l\u00e8ne Lavoie) , ses s\u0153urs Monique Gravel Leblanc et Th\u00e9r\u00e8se Gravel Simonsen, ses neveux et ni\u00e8ces ainsi que plusieurs parents et amis.<\/p>\n<p>La famille recevra les condol\u00e9ances samedi le 2 f\u00e9vrier de 13h \u00e0 15h \u00e0 la R\u00e9sidence fun\u00e9raire J.J. Cardinal (2125, Notre-Dame, Lachine). Une c\u00e9l\u00e9bration suivra dans le salon de la r\u00e9sidence \u00e0 15h.<\/p>\n<p>La famille tient \u00e0 remercier le personnel du CLSC de Lachine ainsi que le personnel des soins palliatifs de l\u2019h\u00f4pital de Lachine pour leurs bons soins.<br \/>\n\u00c0 la m\u00e9moire de Benoit, un don \u00e0 la Soci\u00e9t\u00e9 Canadienne du Cancer serait appr\u00e9ci\u00e9.<\/p>\n<\/div>\n<h3 class=\"menu-action-bar\">DONATE<\/h3>\n<p class=\"menu-action-bar\">&#8211;\u00a0<a href=\"https:\/\/secure2.convio.net\/cco\/site\/Donation2?idb=530690525&amp;DONATION_LEVEL_ID_SELECTED=4767&amp;df_id=11640&amp;11640.donation=form1&amp;JServSessionIdr004=pyalxmv2n2.app227b&amp;s_locale=en_CA\" target=\"_blank\" rel=\"noopener\">Canadian Cancer Society<\/a><\/p>\n<div class=\"spacing-top-40px\">\n<h3>R\u00c9SIDENCE FUN\u00c9RAIRE J.J. CARDINAL<\/h3>\n<p>2125, rue Notre-Dame, Lachine (Qu\u00e9bec)\u00a0\u00a0H8S 2G5<\/p>\n<p>Tel.:\u00a0514-639-1511\u00a0|\u00a0Fax:\u00a0514-639-1516\u00a0|\u00a0Email:\u00a0<a href=\"mailto:info@jjcardinal.ca\">info@jjcardinal.ca<\/a><\/p>\n<p class=\"links\"><a href=\"http:\/\/goo.gl\/maps\/6TF2f\" target=\"_blank\" rel=\"noopener\">Driving directions<\/a>\u00a0|\u00a0<a href=\"http:\/\/www.meteomedia.com\/weather\/caqc0281\" target=\"_blank\" rel=\"noopener\">Weather forecasts<\/a><\/p>\n<\/div>\n<\/div>\n<div class=\"spacing-top-40px\"><\/div>\n<\/div>\n","protected":false},"excerpt":{"rendered":"<p>Passed away \u00a0on\u00a0January 16th, 2019\u00a0 at the age of\u00a087 years old Le 16 janvier 2019, \u00e0 l\u2019\u00e2ge de 87 ans, est d\u00e9c\u00e9d\u00e9 M. Benoit Gravel. Il laisse dans le deuil ses enfants Nicole, Jean-Claude et Lise (Christan Legault), ses petites-filles Jacynthe, Cynthia et Camille Boutin et son petit-fils C\u00e9dric Gravel, son fr\u00e8re Raymond Gravel (H\u00e9l\u00e8ne [&hellip;]<\/p>\n","protected":false},"author":58,"featured_media":5085,"comment_status":"open","ping_status":"open","sticky":false,"template":"","format":"standard","meta":{"_seopress_robots_primary_cat":"","_seopress_titles_title":"","_seopress_titles_desc":"","_seopress_robots_index":"","footnotes":""},"categories":[68],"tags":[],"class_list":["post-7859","post","type-post","status-publish","format-standard","has-post-thumbnail","hentry","category-obituaries"],"_links":{"self":[{"href":"https:\/\/jjcardinal.ca\/en\/wp-json\/wp\/v2\/posts\/7859","targetHints":{"allow":["GET"]}}],"collection":[{"href":"https:\/\/jjcardinal.ca\/en\/wp-json\/wp\/v2\/posts"}],"about":[{"href":"https:\/\/jjcardinal.ca\/en\/wp-json\/wp\/v2\/types\/post"}],"author":[{"embeddable":true,"href":"https:\/\/jjcardinal.ca\/en\/wp-json\/wp\/v2\/users\/58"}],"replies":[{"embeddable":true,"href":"https:\/\/jjcardinal.ca\/en\/wp-json\/wp\/v2\/comments?post=7859"}],"version-history":[{"count":0,"href":"https:\/\/jjcardinal.ca\/en\/wp-json\/wp\/v2\/posts\/7859\/revisions"}],"wp:featuredmedia":[{"embeddable":true,"href":"https:\/\/jjcardinal.ca\/en\/wp-json\/wp\/v2\/media\/5085"}],"wp:attachment":[{"href":"https:\/\/jjcardinal.ca\/en\/wp-json\/wp\/v2\/media?parent=7859"}],"wp:term":[{"taxonomy":"category","embeddable":true,"href":"https:\/\/jjcardinal.ca\/en\/wp-json\/wp\/v2\/categories?post=7859"},{"taxonomy":"post_tag","embeddable":true,"href":"https:\/\/jjcardinal.ca\/en\/wp-json\/wp\/v2\/tags?post=7859"}],"curies":[{"name":"wp","href":"https:\/\/api.w.org\/{rel}","templated":true}]}}