{"id":7914,"date":"2019-01-24T12:15:03","date_gmt":"2019-01-24T17:15:03","guid":{"rendered":"http:\/\/www.jjcardinal.ca\/?p=7914"},"modified":"2019-06-19T12:19:08","modified_gmt":"2019-06-19T16:19:08","slug":"mrs-corinne-martin","status":"publish","type":"post","link":"https:\/\/jjcardinal.ca\/en\/mrs-corinne-martin\/","title":{"rendered":"Mrs Corinne Martin"},"content":{"rendered":"<p class=\"date-deces\"><strong>Passed away on\u00a0January 24th, 2019\u00a0 at the age of\u00a097 years old<\/strong><\/p>\n<hr \/>\n<div class=\"texte\">\n<section class=\"col-md-8 content-avis-deces\">\n<div class=\"texte\">\n<p>Le 24 janvier 2019, \u00e0 l\u2019\u00e2ge de 97 ans est d\u00e9c\u00e9d\u00e9e Mme Corinne Martin.<br \/>\nElle laisse dans le deuil ses s\u0153urs Th\u00e9r\u00e8se et Germaine (Michaud), ses neveux et ni\u00e8ces ainsi que parents et amis.<br \/>\nLa famille recevra les condol\u00e9ances samedi le 9 f\u00e9vrier d\u00e8s 10h \u00e0 la R\u00e9sidence fun\u00e9raire J.J. Cardinal, 2125, Notre-Dame, Lachine (www.jjcardinal.ca 514-639-1511). Les fun\u00e9railles suivront en la chapelle de la r\u00e9sidence \u00e0 11h.<br \/>\nAu lieu de fleurs un don \u00e0 la Fondation des maladies du coeur.<\/p>\n<\/div>\n<h3 class=\"menu-action-bar\">DONATE<\/h3>\n<p class=\"menu-action-bar\">&#8211;\u00a0<a href=\"https:\/\/hsf.donorportal.ca\/Donation\/Donation.aspx?F=1773&amp;T=GENER&amp;L=en-CA&amp;G=328&amp;NFP=1;T=GENER&amp;CURL=yend&amp;CURL=yend&amp;CURL=yend\" target=\"_blank\" rel=\"noopener\">Heart and Stroke Foundation, Quebec<\/a><\/p>\n<div class=\"spacing-top-40px\">\n<h3>R\u00c9SIDENCE FUN\u00c9RAIRE J.J. CARDINAL<\/h3>\n<p>2125, rue Notre-Dame, Lachine (Qu\u00e9bec)\u00a0\u00a0H8S 2G5<\/p>\n<p>Tel.:\u00a0514-639-1511\u00a0|\u00a0Fax:\u00a0514-639-1516\u00a0|\u00a0Email:\u00a0<a href=\"mailto:info@jjcardinal.ca\">info@jjcardinal.ca<\/a><\/p>\n<p class=\"links\"><a href=\"http:\/\/goo.gl\/maps\/6TF2f\" target=\"_blank\" rel=\"noopener\">Driving directions<\/a>\u00a0|\u00a0<a href=\"http:\/\/www.meteomedia.com\/weather\/caqc0281\" target=\"_blank\" rel=\"noopener\">Weather forecasts<\/a><\/p>\n<\/div>\n<\/section>\n<aside class=\"col-md-4\">\n<div class=\"photo-deces visible-md visible-lg\">\n<div class=\"box-image\"><\/div>\n<\/div>\n<\/aside>\n<\/div>\n<div class=\"spacing-top-40px\"><\/div>\n","protected":false},"excerpt":{"rendered":"<p>Passed away on\u00a0January 24th, 2019\u00a0 at the age of\u00a097 years old Le 24 janvier 2019, \u00e0 l\u2019\u00e2ge de 97 ans est d\u00e9c\u00e9d\u00e9e Mme Corinne Martin. Elle laisse dans le deuil ses s\u0153urs Th\u00e9r\u00e8se et Germaine (Michaud), ses neveux et ni\u00e8ces ainsi que parents et amis. La famille recevra les condol\u00e9ances samedi le 9 f\u00e9vrier d\u00e8s [&hellip;]<\/p>\n","protected":false},"author":58,"featured_media":5138,"comment_status":"open","ping_status":"open","sticky":false,"template":"","format":"standard","meta":{"_seopress_robots_primary_cat":"","_seopress_titles_title":"","_seopress_titles_desc":"","_seopress_robots_index":"","footnotes":""},"categories":[68],"tags":[],"class_list":["post-7914","post","type-post","status-publish","format-standard","has-post-thumbnail","hentry","category-obituaries"],"_links":{"self":[{"href":"https:\/\/jjcardinal.ca\/en\/wp-json\/wp\/v2\/posts\/7914","targetHints":{"allow":["GET"]}}],"collection":[{"href":"https:\/\/jjcardinal.ca\/en\/wp-json\/wp\/v2\/posts"}],"about":[{"href":"https:\/\/jjcardinal.ca\/en\/wp-json\/wp\/v2\/types\/post"}],"author":[{"embeddable":true,"href":"https:\/\/jjcardinal.ca\/en\/wp-json\/wp\/v2\/users\/58"}],"replies":[{"embeddable":true,"href":"https:\/\/jjcardinal.ca\/en\/wp-json\/wp\/v2\/comments?post=7914"}],"version-history":[{"count":0,"href":"https:\/\/jjcardinal.ca\/en\/wp-json\/wp\/v2\/posts\/7914\/revisions"}],"wp:featuredmedia":[{"embeddable":true,"href":"https:\/\/jjcardinal.ca\/en\/wp-json\/wp\/v2\/media\/5138"}],"wp:attachment":[{"href":"https:\/\/jjcardinal.ca\/en\/wp-json\/wp\/v2\/media?parent=7914"}],"wp:term":[{"taxonomy":"category","embeddable":true,"href":"https:\/\/jjcardinal.ca\/en\/wp-json\/wp\/v2\/categories?post=7914"},{"taxonomy":"post_tag","embeddable":true,"href":"https:\/\/jjcardinal.ca\/en\/wp-json\/wp\/v2\/tags?post=7914"}],"curies":[{"name":"wp","href":"https:\/\/api.w.org\/{rel}","templated":true}]}}