{"id":8285,"date":"2019-04-02T15:53:15","date_gmt":"2019-04-02T19:53:15","guid":{"rendered":"http:\/\/www.jjcardinal.ca\/?p=8285"},"modified":"2019-06-26T15:54:21","modified_gmt":"2019-06-26T19:54:21","slug":"mrs-marcelle-lefebvre-levesque","status":"publish","type":"post","link":"https:\/\/jjcardinal.ca\/en\/mrs-marcelle-lefebvre-levesque\/","title":{"rendered":"Mrs Marcelle Lefebvre L\u00e9vesque"},"content":{"rendered":"<p class=\"date-deces\"><strong>Passed away on\u00a0April 2nd, 2019 at the age of\u00a098 years old<\/strong><\/p>\n<hr \/>\n<div class=\"texte\">\n<div class=\"texte\">\n<p>\u00c0 Lachine est d\u00e9c\u00e9d\u00e9e Marcelle Lefebvre L\u00e9vesque le 2 avril 2019 \u00e0 l\u2019\u00e2ge de 98 ans et 11 mois, \u00e9pouse de feu Roger L\u00e9vesque.<\/p>\n<p>Elle laisse dans le deuil ses enfants: Camille, Martine (Bernard), Louise (Patrick), Dominique, Michelle, Francine (Daniel), ses 11 petits-enfants, ses 7 arri\u00e8re-petits-enfants, sa s\u0153ur Gis\u00e8le, son fr\u00e8re Fran\u00e7ois (Th\u00e9r\u00e8se), sa belle-s\u0153ur Louise ainsi que de nombreux parents et amis.<\/p>\n<p>La famille recevra les condol\u00e9ances \u00e0 la R\u00e9sidence fun\u00e9raire J.J. Cardinal, 2125, rue Notre-Dame, Lachine (www.jjcardinal.ca 514-639-1511) mardi, le 9 avril de 9 h 30 \u00e0 11 h. Le service fun\u00e9raire aura lieu \u00e0 l\u2019\u00e9glise Tr\u00e8s-Saint-Sacrement, 800, rue Provost, Lachine \u00e0 11 h 30 et l\u2019inhumation se fera au Cimeti\u00e8re Lachine.<\/p>\n<\/div>\n<div class=\"spacing-top-40px\">\n<h3>R\u00c9SIDENCE FUN\u00c9RAIRE J.J. CARDINAL<\/h3>\n<p>2125, rue Notre-Dame, Lachine (Qu\u00e9bec)\u00a0\u00a0H8S 2G5<\/p>\n<p>Tel.:\u00a0514-639-1511\u00a0|\u00a0Fax:\u00a0514-639-1516\u00a0|\u00a0Email:\u00a0<a href=\"mailto:info@jjcardinal.ca\">info@jjcardinal.ca<\/a><\/p>\n<p class=\"links\"><a href=\"http:\/\/goo.gl\/maps\/6TF2f\" target=\"_blank\" rel=\"noopener\">Driving directions<\/a>\u00a0|\u00a0<a href=\"http:\/\/www.meteomedia.com\/weather\/caqc0281\" target=\"_blank\" rel=\"noopener\">Weather forecasts<\/a><\/p>\n<\/div>\n<\/div>\n<div class=\"spacing-top-40px\"><\/div>\n","protected":false},"excerpt":{"rendered":"<p>Passed away on\u00a0April 2nd, 2019 at the age of\u00a098 years old \u00c0 Lachine est d\u00e9c\u00e9d\u00e9e Marcelle Lefebvre L\u00e9vesque le 2 avril 2019 \u00e0 l\u2019\u00e2ge de 98 ans et 11 mois, \u00e9pouse de feu Roger L\u00e9vesque. Elle laisse dans le deuil ses enfants: Camille, Martine (Bernard), Louise (Patrick), Dominique, Michelle, Francine (Daniel), ses 11 petits-enfants, ses [&hellip;]<\/p>\n","protected":false},"author":58,"featured_media":5491,"comment_status":"open","ping_status":"open","sticky":false,"template":"","format":"standard","meta":{"_seopress_robots_primary_cat":"","_seopress_titles_title":"","_seopress_titles_desc":"","_seopress_robots_index":"","footnotes":""},"categories":[68],"tags":[],"class_list":["post-8285","post","type-post","status-publish","format-standard","has-post-thumbnail","hentry","category-obituaries"],"_links":{"self":[{"href":"https:\/\/jjcardinal.ca\/en\/wp-json\/wp\/v2\/posts\/8285","targetHints":{"allow":["GET"]}}],"collection":[{"href":"https:\/\/jjcardinal.ca\/en\/wp-json\/wp\/v2\/posts"}],"about":[{"href":"https:\/\/jjcardinal.ca\/en\/wp-json\/wp\/v2\/types\/post"}],"author":[{"embeddable":true,"href":"https:\/\/jjcardinal.ca\/en\/wp-json\/wp\/v2\/users\/58"}],"replies":[{"embeddable":true,"href":"https:\/\/jjcardinal.ca\/en\/wp-json\/wp\/v2\/comments?post=8285"}],"version-history":[{"count":0,"href":"https:\/\/jjcardinal.ca\/en\/wp-json\/wp\/v2\/posts\/8285\/revisions"}],"wp:featuredmedia":[{"embeddable":true,"href":"https:\/\/jjcardinal.ca\/en\/wp-json\/wp\/v2\/media\/5491"}],"wp:attachment":[{"href":"https:\/\/jjcardinal.ca\/en\/wp-json\/wp\/v2\/media?parent=8285"}],"wp:term":[{"taxonomy":"category","embeddable":true,"href":"https:\/\/jjcardinal.ca\/en\/wp-json\/wp\/v2\/categories?post=8285"},{"taxonomy":"post_tag","embeddable":true,"href":"https:\/\/jjcardinal.ca\/en\/wp-json\/wp\/v2\/tags?post=8285"}],"curies":[{"name":"wp","href":"https:\/\/api.w.org\/{rel}","templated":true}]}}