{"id":8415,"date":"2019-04-20T16:38:05","date_gmt":"2019-04-20T20:38:05","guid":{"rendered":"http:\/\/www.jjcardinal.ca\/?p=8415"},"modified":"2019-06-26T16:38:46","modified_gmt":"2019-06-26T20:38:46","slug":"mr-gerard-gerry-boisselle","status":"publish","type":"post","link":"https:\/\/jjcardinal.ca\/en\/mr-gerard-gerry-boisselle\/","title":{"rendered":"Mr. G\u00e9rard (Gerry) Boisselle"},"content":{"rendered":"<p class=\"date-deces\"><strong>Passed away on\u00a0April 20th, 2019 at the age of\u00a091 years old<\/strong><\/p>\n<hr \/>\n<div class=\"texte\">\n<section class=\"col-md-8 content-avis-deces\">\n<div class=\"texte\">\n<p>Le 20 avril 2019, \u00e0 l\u2019\u00e2ge de 91 ans est d\u00e9c\u00e9d\u00e9 G\u00e9rard Boisselle \u00e9poux de feu Pauline Proulx.<\/p>\n<p>Il laisse dans le deuil ses enfants Johanne (Yves), Marc (Diane), Carole (Yves) et \u00c9ric (Nathalie), ses petits-enfants, ses arri\u00e8re-petits-enfants, ses s\u0153urs, son beau-fr\u00e8re et ses belles-s\u0153urs ainsi que plusieurs parents et amis.<\/p>\n<p>La famille recevra les condol\u00e9ances le jeudi 2 mai de 9h \u00e0 13h30 \u00e0 la r\u00e9sidence fun\u00e9raire J.J. Cardinal (2125, Notre-Dame, Lachine, 514-639-1511). Les fun\u00e9railles suivront en l\u2019\u00c9glise des Sts-Anges (1400, St-Joseph, Lachine) \u00e0 13h30.<\/p>\n<\/div>\n<div class=\"spacing-top-40px\">\n<h3>R\u00c9SIDENCE FUN\u00c9RAIRE J.J. CARDINAL<\/h3>\n<p>2125, rue Notre-Dame, Lachine (Qu\u00e9bec)\u00a0\u00a0H8S 2G5<\/p>\n<p>Tel.:\u00a0514-639-1511\u00a0|\u00a0Fax:\u00a0514-639-1516\u00a0|\u00a0Email:\u00a0<a href=\"mailto:info@jjcardinal.ca\">info@jjcardinal.ca<\/a><\/p>\n<p class=\"links\"><a href=\"http:\/\/goo.gl\/maps\/6TF2f\" target=\"_blank\" rel=\"noopener\">Driving directions<\/a>\u00a0|\u00a0<a href=\"http:\/\/www.meteomedia.com\/weather\/caqc0281\" target=\"_blank\" rel=\"noopener\">Weather forecasts<\/a><\/p>\n<\/div>\n<\/section>\n<aside class=\"col-md-4\">\n<div class=\"photo-deces visible-md visible-lg\">\n<div class=\"box-image\"><\/div>\n<\/div>\n<\/aside>\n<\/div>\n<div class=\"spacing-top-40px\"><\/div>\n","protected":false},"excerpt":{"rendered":"<p>Passed away on\u00a0April 20th, 2019 at the age of\u00a091 years old Le 20 avril 2019, \u00e0 l\u2019\u00e2ge de 91 ans est d\u00e9c\u00e9d\u00e9 G\u00e9rard Boisselle \u00e9poux de feu Pauline Proulx. Il laisse dans le deuil ses enfants Johanne (Yves), Marc (Diane), Carole (Yves) et \u00c9ric (Nathalie), ses petits-enfants, ses arri\u00e8re-petits-enfants, ses s\u0153urs, son beau-fr\u00e8re et ses [&hellip;]<\/p>\n","protected":false},"author":58,"featured_media":5613,"comment_status":"open","ping_status":"open","sticky":false,"template":"","format":"standard","meta":{"_seopress_robots_primary_cat":"","_seopress_titles_title":"","_seopress_titles_desc":"","_seopress_robots_index":"","footnotes":""},"categories":[68],"tags":[],"class_list":["post-8415","post","type-post","status-publish","format-standard","has-post-thumbnail","hentry","category-obituaries"],"_links":{"self":[{"href":"https:\/\/jjcardinal.ca\/en\/wp-json\/wp\/v2\/posts\/8415","targetHints":{"allow":["GET"]}}],"collection":[{"href":"https:\/\/jjcardinal.ca\/en\/wp-json\/wp\/v2\/posts"}],"about":[{"href":"https:\/\/jjcardinal.ca\/en\/wp-json\/wp\/v2\/types\/post"}],"author":[{"embeddable":true,"href":"https:\/\/jjcardinal.ca\/en\/wp-json\/wp\/v2\/users\/58"}],"replies":[{"embeddable":true,"href":"https:\/\/jjcardinal.ca\/en\/wp-json\/wp\/v2\/comments?post=8415"}],"version-history":[{"count":0,"href":"https:\/\/jjcardinal.ca\/en\/wp-json\/wp\/v2\/posts\/8415\/revisions"}],"wp:featuredmedia":[{"embeddable":true,"href":"https:\/\/jjcardinal.ca\/en\/wp-json\/wp\/v2\/media\/5613"}],"wp:attachment":[{"href":"https:\/\/jjcardinal.ca\/en\/wp-json\/wp\/v2\/media?parent=8415"}],"wp:term":[{"taxonomy":"category","embeddable":true,"href":"https:\/\/jjcardinal.ca\/en\/wp-json\/wp\/v2\/categories?post=8415"},{"taxonomy":"post_tag","embeddable":true,"href":"https:\/\/jjcardinal.ca\/en\/wp-json\/wp\/v2\/tags?post=8415"}],"curies":[{"name":"wp","href":"https:\/\/api.w.org\/{rel}","templated":true}]}}