{"id":8461,"date":"2019-04-29T16:51:08","date_gmt":"2019-04-29T20:51:08","guid":{"rendered":"http:\/\/www.jjcardinal.ca\/?p=8461"},"modified":"2019-06-26T16:52:10","modified_gmt":"2019-06-26T20:52:10","slug":"mr-ghislain-ouellet","status":"publish","type":"post","link":"https:\/\/jjcardinal.ca\/en\/mr-ghislain-ouellet\/","title":{"rendered":"Mr. Ghislain Ouellet"},"content":{"rendered":"<p class=\"date-deces\"><strong>Passed away on\u00a0April 29th, 2019 at the age of\u00a070 years old<\/strong><\/p>\n<hr \/>\n<div class=\"texte\">\n<div class=\"texte\">\n<p>De Lachine, le 29 avril 2019, est d\u00e9c\u00e9d\u00e9 Ghislain Ouellet \u00e0 l\u2019\u00e2ge de 70 ans.<\/p>\n<p>Il laisse dans le deuil son \u00e9pouse Lauraine Lafontaine et ses deux enfants Manon et Claude et petits-enfants, fr\u00e8res, s\u0153urs et conjoints, neveux et ni\u00e8ces ainsi qu\u2019 amis et coll\u00e8gues.<\/p>\n<p>La famille recevra les condol\u00e9ances samedi le 11 mai \u00e0 compter de 13h suivi de la c\u00e9r\u00e9monie en la chapelle de la R\u00e9sidence fun\u00e9raire J.J. Cardinal \u00e0 16h, 2125 rue Notre-Dame, Lachine (514-639-1511 www.jjcardinal.ca).<\/p>\n<p>Vos dons \u00e0 la m\u00e9moire de Ghislain, \u00e0 la Fondation de l\u2019H\u00f4pital de Lachine, www.fondationhopitallachine.com , seraient appr\u00e9ci\u00e9s.<\/p>\n<\/div>\n<h3 class=\"menu-action-bar\">DONATE<\/h3>\n<p class=\"menu-action-bar\">&#8211;\u00a0<a href=\"http:\/\/lachinehospitalfoundation.org\/make-a-donation\/how-to-make-a-donation\/\" target=\"_blank\" rel=\"noopener\">The Lachine Hospital Foundation<\/a><\/p>\n<div class=\"spacing-top-40px\">\n<h3>R\u00c9SIDENCE FUN\u00c9RAIRE J.J. CARDINAL<\/h3>\n<p>2125, rue Notre-Dame, Lachine (Qu\u00e9bec)\u00a0\u00a0H8S 2G5<\/p>\n<p>Tel.:\u00a0514-639-1511\u00a0|\u00a0Fax:\u00a0514-639-1516\u00a0|\u00a0Email:\u00a0<a href=\"mailto:info@jjcardinal.ca\">info@jjcardinal.ca<\/a><\/p>\n<p class=\"links\"><a href=\"http:\/\/goo.gl\/maps\/6TF2f\" target=\"_blank\" rel=\"noopener\">Driving directions<\/a>\u00a0|\u00a0<a href=\"http:\/\/www.meteomedia.com\/weather\/caqc0281\" target=\"_blank\" rel=\"noopener\">Weather forecasts<\/a><\/p>\n<\/div>\n<\/div>\n<div class=\"spacing-top-40px\"><\/div>\n","protected":false},"excerpt":{"rendered":"<p>Passed away on\u00a0April 29th, 2019 at the age of\u00a070 years old De Lachine, le 29 avril 2019, est d\u00e9c\u00e9d\u00e9 Ghislain Ouellet \u00e0 l\u2019\u00e2ge de 70 ans. Il laisse dans le deuil son \u00e9pouse Lauraine Lafontaine et ses deux enfants Manon et Claude et petits-enfants, fr\u00e8res, s\u0153urs et conjoints, neveux et ni\u00e8ces ainsi qu\u2019 amis et [&hellip;]<\/p>\n","protected":false},"author":58,"featured_media":5652,"comment_status":"open","ping_status":"open","sticky":false,"template":"","format":"standard","meta":{"_seopress_robots_primary_cat":"","_seopress_titles_title":"","_seopress_titles_desc":"","_seopress_robots_index":"","footnotes":""},"categories":[68],"tags":[],"class_list":["post-8461","post","type-post","status-publish","format-standard","has-post-thumbnail","hentry","category-obituaries"],"_links":{"self":[{"href":"https:\/\/jjcardinal.ca\/en\/wp-json\/wp\/v2\/posts\/8461","targetHints":{"allow":["GET"]}}],"collection":[{"href":"https:\/\/jjcardinal.ca\/en\/wp-json\/wp\/v2\/posts"}],"about":[{"href":"https:\/\/jjcardinal.ca\/en\/wp-json\/wp\/v2\/types\/post"}],"author":[{"embeddable":true,"href":"https:\/\/jjcardinal.ca\/en\/wp-json\/wp\/v2\/users\/58"}],"replies":[{"embeddable":true,"href":"https:\/\/jjcardinal.ca\/en\/wp-json\/wp\/v2\/comments?post=8461"}],"version-history":[{"count":0,"href":"https:\/\/jjcardinal.ca\/en\/wp-json\/wp\/v2\/posts\/8461\/revisions"}],"wp:featuredmedia":[{"embeddable":true,"href":"https:\/\/jjcardinal.ca\/en\/wp-json\/wp\/v2\/media\/5652"}],"wp:attachment":[{"href":"https:\/\/jjcardinal.ca\/en\/wp-json\/wp\/v2\/media?parent=8461"}],"wp:term":[{"taxonomy":"category","embeddable":true,"href":"https:\/\/jjcardinal.ca\/en\/wp-json\/wp\/v2\/categories?post=8461"},{"taxonomy":"post_tag","embeddable":true,"href":"https:\/\/jjcardinal.ca\/en\/wp-json\/wp\/v2\/tags?post=8461"}],"curies":[{"name":"wp","href":"https:\/\/api.w.org\/{rel}","templated":true}]}}