{"id":8569,"date":"2019-05-24T17:34:42","date_gmt":"2019-05-24T21:34:42","guid":{"rendered":"http:\/\/www.jjcardinal.ca\/?p=8569"},"modified":"2019-07-02T17:35:36","modified_gmt":"2019-07-02T21:35:36","slug":"baby-felix-veilleux","status":"publish","type":"post","link":"https:\/\/jjcardinal.ca\/en\/baby-felix-veilleux\/","title":{"rendered":"Baby F\u00e9lix Veilleux"},"content":{"rendered":"<p class=\"date-deces\"><strong>Passed away on\u00a0May 24th, 2019 at the age of\u00a05 days<\/strong><\/p>\n<hr \/>\n<div class=\"menu-action-bar\">\n<div class=\"texte\">\n<div class=\"texte\">\n<p>Le 24 mai 2019 est d\u00e9c\u00e9d\u00e9 F\u00e9lix Veilleux, notre petit ange.<\/p>\n<p>Il laisse dans le deuil ses parents, Sacha Veilleux et Genevi\u00e8ve, sa s\u0153ur Arielle, ses grands-parents Pierrette Veilleux, Alain Fortin, Nicole Gauvin et Gilles Prince, ses oncles Alexandre Veilleux et Marc-Andr\u00e9 Valois (Angela), son cousin Samuel ainsi que parents et amis.<\/p>\n<p>La famille recevra les condol\u00e9ances samedi le 8 juin de 13h30 \u00e0 15h30 \u00e0 la R\u00e9sidence Fun\u00e9raire J.J. Cardinal (2125, Notre-Dame, Lachine, 514-639-1511). Les fun\u00e9railles suivront en la Chapelle de la R\u00e9sidence \u00e0 15h30.<\/p>\n<\/div>\n<div class=\"spacing-top-40px\">\n<h3>R\u00c9SIDENCE FUN\u00c9RAIRE J.J. CARDINAL<\/h3>\n<p>2125, rue Notre-Dame, Lachine (Qu\u00e9bec)\u00a0\u00a0H8S 2G5<\/p>\n<p>Tel.:\u00a0514-639-1511\u00a0|\u00a0Fax:\u00a0514-639-1516\u00a0|\u00a0Email:\u00a0<a href=\"mailto:info@jjcardinal.ca\">info@jjcardinal.ca<\/a><\/p>\n<p class=\"links\"><a href=\"http:\/\/goo.gl\/maps\/6TF2f\" target=\"_blank\" rel=\"noopener\">Driving directions<\/a>\u00a0|\u00a0<a href=\"http:\/\/www.meteomedia.com\/weather\/caqc0281\" target=\"_blank\" rel=\"noopener\">Weather forecasts<\/a><\/p>\n<\/div>\n<\/div>\n<div class=\"spacing-top-40px\"><\/div>\n<hr \/>\n<\/div>\n","protected":false},"excerpt":{"rendered":"<p>Passed away on\u00a0May 24th, 2019 at the age of\u00a05 days Le 24 mai 2019 est d\u00e9c\u00e9d\u00e9 F\u00e9lix Veilleux, notre petit ange. Il laisse dans le deuil ses parents, Sacha Veilleux et Genevi\u00e8ve, sa s\u0153ur Arielle, ses grands-parents Pierrette Veilleux, Alain Fortin, Nicole Gauvin et Gilles Prince, ses oncles Alexandre Veilleux et Marc-Andr\u00e9 Valois (Angela), son [&hellip;]<\/p>\n","protected":false},"author":58,"featured_media":8567,"comment_status":"open","ping_status":"open","sticky":false,"template":"","format":"standard","meta":{"_seopress_robots_primary_cat":"","_seopress_titles_title":"","_seopress_titles_desc":"","_seopress_robots_index":"","footnotes":""},"categories":[68],"tags":[],"class_list":["post-8569","post","type-post","status-publish","format-standard","has-post-thumbnail","hentry","category-obituaries"],"_links":{"self":[{"href":"https:\/\/jjcardinal.ca\/en\/wp-json\/wp\/v2\/posts\/8569","targetHints":{"allow":["GET"]}}],"collection":[{"href":"https:\/\/jjcardinal.ca\/en\/wp-json\/wp\/v2\/posts"}],"about":[{"href":"https:\/\/jjcardinal.ca\/en\/wp-json\/wp\/v2\/types\/post"}],"author":[{"embeddable":true,"href":"https:\/\/jjcardinal.ca\/en\/wp-json\/wp\/v2\/users\/58"}],"replies":[{"embeddable":true,"href":"https:\/\/jjcardinal.ca\/en\/wp-json\/wp\/v2\/comments?post=8569"}],"version-history":[{"count":0,"href":"https:\/\/jjcardinal.ca\/en\/wp-json\/wp\/v2\/posts\/8569\/revisions"}],"wp:featuredmedia":[{"embeddable":true,"href":"https:\/\/jjcardinal.ca\/en\/wp-json\/wp\/v2\/media\/8567"}],"wp:attachment":[{"href":"https:\/\/jjcardinal.ca\/en\/wp-json\/wp\/v2\/media?parent=8569"}],"wp:term":[{"taxonomy":"category","embeddable":true,"href":"https:\/\/jjcardinal.ca\/en\/wp-json\/wp\/v2\/categories?post=8569"},{"taxonomy":"post_tag","embeddable":true,"href":"https:\/\/jjcardinal.ca\/en\/wp-json\/wp\/v2\/tags?post=8569"}],"curies":[{"name":"wp","href":"https:\/\/api.w.org\/{rel}","templated":true}]}}