{"id":8610,"date":"2019-05-27T11:10:21","date_gmt":"2019-05-27T15:10:21","guid":{"rendered":"http:\/\/www.jjcardinal.ca\/?p=8610"},"modified":"2019-07-03T11:11:31","modified_gmt":"2019-07-03T15:11:31","slug":"mrs-gloria-polino","status":"publish","type":"post","link":"https:\/\/jjcardinal.ca\/en\/mrs-gloria-polino\/","title":{"rendered":"Mrs Gloria Polino"},"content":{"rendered":"<p class=\"date-deces\"><strong>Passed away on\u00a0May 27th, 2019 at the age of\u00a077 years old<\/strong><\/p>\n<hr \/>\n<div class=\"menu-action-bar\">\n<div class=\"texte\">\n<section class=\"col-md-8 content-avis-deces\">\n<div class=\"texte\">\n<p>Passed away on May 27, 2019. She will be missed by family and friends. A memorial will be held at La Pr\u00e9sentation-De-La-Sainte-Vierge church, 665 Avenue de l\u2019\u00c9glise, Dorval, on June 26, at 1 p.m.<\/p>\n<\/div>\n<div class=\"spacing-top-40px\">\n<h3>R\u00c9SIDENCE FUN\u00c9RAIRE J.J. CARDINAL<\/h3>\n<p>560, chemin Bord du Lac, Dorval (Qu\u00e9bec)\u00a0\u00a0H9S 2B3<\/p>\n<p>Tel.:\u00a0514-631-1511\u00a0|\u00a0Fax:\u00a0514-631-1516\u00a0|\u00a0Email:\u00a0<a href=\"mailto:info@jjcardinal.ca\">info@jjcardinal.ca<\/a><\/p>\n<p class=\"links\"><a href=\"http:\/\/goo.gl\/maps\/XzRHS\" target=\"_blank\" rel=\"noopener\">Driving directions<\/a><\/p>\n<\/div>\n<\/section>\n<aside class=\"col-md-4\">\n<div class=\"photo-deces visible-md visible-lg\">\n<div class=\"box-image\"><\/div>\n<\/div>\n<\/aside>\n<\/div>\n<div class=\"spacing-top-40px\"><\/div>\n<\/div>\n","protected":false},"excerpt":{"rendered":"<p>Passed away on\u00a0May 27th, 2019 at the age of\u00a077 years old Passed away on May 27, 2019. She will be missed by family and friends. A memorial will be held at La Pr\u00e9sentation-De-La-Sainte-Vierge church, 665 Avenue de l\u2019\u00c9glise, Dorval, on June 26, at 1 p.m. R\u00c9SIDENCE FUN\u00c9RAIRE J.J. CARDINAL 560, chemin Bord du Lac, Dorval [&hellip;]<\/p>\n","protected":false},"author":58,"featured_media":8608,"comment_status":"open","ping_status":"open","sticky":false,"template":"","format":"standard","meta":{"_seopress_robots_primary_cat":"","_seopress_titles_title":"","_seopress_titles_desc":"","_seopress_robots_index":"","footnotes":""},"categories":[68],"tags":[],"class_list":["post-8610","post","type-post","status-publish","format-standard","has-post-thumbnail","hentry","category-obituaries"],"_links":{"self":[{"href":"https:\/\/jjcardinal.ca\/en\/wp-json\/wp\/v2\/posts\/8610","targetHints":{"allow":["GET"]}}],"collection":[{"href":"https:\/\/jjcardinal.ca\/en\/wp-json\/wp\/v2\/posts"}],"about":[{"href":"https:\/\/jjcardinal.ca\/en\/wp-json\/wp\/v2\/types\/post"}],"author":[{"embeddable":true,"href":"https:\/\/jjcardinal.ca\/en\/wp-json\/wp\/v2\/users\/58"}],"replies":[{"embeddable":true,"href":"https:\/\/jjcardinal.ca\/en\/wp-json\/wp\/v2\/comments?post=8610"}],"version-history":[{"count":0,"href":"https:\/\/jjcardinal.ca\/en\/wp-json\/wp\/v2\/posts\/8610\/revisions"}],"wp:featuredmedia":[{"embeddable":true,"href":"https:\/\/jjcardinal.ca\/en\/wp-json\/wp\/v2\/media\/8608"}],"wp:attachment":[{"href":"https:\/\/jjcardinal.ca\/en\/wp-json\/wp\/v2\/media?parent=8610"}],"wp:term":[{"taxonomy":"category","embeddable":true,"href":"https:\/\/jjcardinal.ca\/en\/wp-json\/wp\/v2\/categories?post=8610"},{"taxonomy":"post_tag","embeddable":true,"href":"https:\/\/jjcardinal.ca\/en\/wp-json\/wp\/v2\/tags?post=8610"}],"curies":[{"name":"wp","href":"https:\/\/api.w.org\/{rel}","templated":true}]}}