{"id":8642,"date":"2019-05-30T11:22:47","date_gmt":"2019-05-30T15:22:47","guid":{"rendered":"http:\/\/www.jjcardinal.ca\/?p=8642"},"modified":"2019-07-03T11:23:33","modified_gmt":"2019-07-03T15:23:33","slug":"mrs-alpheda-goudreau","status":"publish","type":"post","link":"https:\/\/jjcardinal.ca\/en\/mrs-alpheda-goudreau\/","title":{"rendered":"Mrs Alph\u00e9da Goudreau"},"content":{"rendered":"<p class=\"date-deces\"><strong>Passed away on\u00a0May 30th, 2019 at the age of\u00a081 years old<\/strong><\/p>\n<hr \/>\n<div class=\"menu-action-bar\">\n<div class=\"texte\">\n<section class=\"col-md-8 content-avis-deces\">\n<div class=\"texte\">\n<p>C\u2019est avec tristesse que nous annon\u00e7ons le d\u00e9c\u00e8s de Alph\u00e9da Goudreau \u00e9pouse de Louis-Gonzague Fournier.<\/p>\n<p>Outre son \u00e9poux elle laisse dans le deuil ses enfants Daniel (Guylaine St-Gelais), Marcel (Corinne Chass\u00e9), Carole et Charles, ses petits-enfants Lydia, Fr\u00e9d\u00e9ric, Francis et Le\u00efa, ses s\u0153urs et fr\u00e8res ainsi que de nombreux parents et amis.<\/p>\n<p>Elle restera bien vivante dans la m\u00e9moire des ses amis de longue dur\u00e9e de la Baie d\u2019Hudson.<\/p>\n<p>La famille recevra les condol\u00e9ances \u00e0 la R\u00e9sidence fun\u00e9raire J.J. Cardinal, 2125 rue Notre-Dame, Lachine (www.jjcardinal.ca 514-639-1511) vendredi le 7 juin de 14h \u00e0 17h et 19h \u00e0 21h ainsi que samedi le 8 juin de 10h30 \u00e0 12h30 suivi du service fun\u00e9raire dans la chapelle de la r\u00e9sidence \u00e0 12h30.<\/p>\n<\/div>\n<div class=\"spacing-top-40px\">\n<h3>R\u00c9SIDENCE FUN\u00c9RAIRE J.J. CARDINAL<\/h3>\n<p>2125, rue Notre-Dame, Lachine (Qu\u00e9bec)\u00a0\u00a0H8S 2G5<\/p>\n<p>Tel.:\u00a0514-639-1511\u00a0|\u00a0Fax:\u00a0514-639-1516\u00a0|\u00a0Email:\u00a0<a href=\"mailto:info@jjcardinal.ca\">info@jjcardinal.ca<\/a><\/p>\n<p class=\"links\"><a href=\"http:\/\/goo.gl\/maps\/6TF2f\" target=\"_blank\" rel=\"noopener\">Driving directions<\/a>\u00a0|\u00a0<a href=\"http:\/\/www.meteomedia.com\/weather\/caqc0281\" target=\"_blank\" rel=\"noopener\">Weather forecasts<\/a><\/p>\n<\/div>\n<\/section>\n<aside class=\"col-md-4\">\n<div class=\"photo-deces visible-md visible-lg\">\n<div class=\"box-image\"><\/div>\n<\/div>\n<\/aside>\n<\/div>\n<div class=\"spacing-top-40px\"><\/div>\n<\/div>\n","protected":false},"excerpt":{"rendered":"<p>Passed away on\u00a0May 30th, 2019 at the age of\u00a081 years old C\u2019est avec tristesse que nous annon\u00e7ons le d\u00e9c\u00e8s de Alph\u00e9da Goudreau \u00e9pouse de Louis-Gonzague Fournier. Outre son \u00e9poux elle laisse dans le deuil ses enfants Daniel (Guylaine St-Gelais), Marcel (Corinne Chass\u00e9), Carole et Charles, ses petits-enfants Lydia, Fr\u00e9d\u00e9ric, Francis et Le\u00efa, ses s\u0153urs et [&hellip;]<\/p>\n","protected":false},"author":58,"featured_media":8640,"comment_status":"open","ping_status":"open","sticky":false,"template":"","format":"standard","meta":{"_seopress_robots_primary_cat":"","_seopress_titles_title":"","_seopress_titles_desc":"","_seopress_robots_index":"","footnotes":""},"categories":[68],"tags":[],"class_list":["post-8642","post","type-post","status-publish","format-standard","has-post-thumbnail","hentry","category-obituaries"],"_links":{"self":[{"href":"https:\/\/jjcardinal.ca\/en\/wp-json\/wp\/v2\/posts\/8642","targetHints":{"allow":["GET"]}}],"collection":[{"href":"https:\/\/jjcardinal.ca\/en\/wp-json\/wp\/v2\/posts"}],"about":[{"href":"https:\/\/jjcardinal.ca\/en\/wp-json\/wp\/v2\/types\/post"}],"author":[{"embeddable":true,"href":"https:\/\/jjcardinal.ca\/en\/wp-json\/wp\/v2\/users\/58"}],"replies":[{"embeddable":true,"href":"https:\/\/jjcardinal.ca\/en\/wp-json\/wp\/v2\/comments?post=8642"}],"version-history":[{"count":0,"href":"https:\/\/jjcardinal.ca\/en\/wp-json\/wp\/v2\/posts\/8642\/revisions"}],"wp:featuredmedia":[{"embeddable":true,"href":"https:\/\/jjcardinal.ca\/en\/wp-json\/wp\/v2\/media\/8640"}],"wp:attachment":[{"href":"https:\/\/jjcardinal.ca\/en\/wp-json\/wp\/v2\/media?parent=8642"}],"wp:term":[{"taxonomy":"category","embeddable":true,"href":"https:\/\/jjcardinal.ca\/en\/wp-json\/wp\/v2\/categories?post=8642"},{"taxonomy":"post_tag","embeddable":true,"href":"https:\/\/jjcardinal.ca\/en\/wp-json\/wp\/v2\/tags?post=8642"}],"curies":[{"name":"wp","href":"https:\/\/api.w.org\/{rel}","templated":true}]}}